{"id":9827,"date":"2021-07-28T21:17:44","date_gmt":"2021-07-29T02:17:44","guid":{"rendered":"https:\/\/www.derechoshumanos.gob.ec\/?p=9827"},"modified":"2021-07-29T14:04:28","modified_gmt":"2021-07-29T19:04:28","slug":"este-jueves-29-y-viernes-30-de-julio-de-2021-se-vacunara-con-la-segunda-dosis-contra-covid-19-a-la-nacionalidad-waorani-en-la-zona-intangible","status":"publish","type":"post","link":"https:\/\/www.ministeriodegobierno.gob.ec\/derechoshumanos\/2021\/07\/28\/este-jueves-29-y-viernes-30-de-julio-de-2021-se-vacunara-con-la-segunda-dosis-contra-covid-19-a-la-nacionalidad-waorani-en-la-zona-intangible\/","title":{"rendered":"ESTE JUEVES 29 Y VIERNES 30 DE JULIO DE 2021 SE VACUNAR\u00c1 CON LA SEGUNDA DOSIS CONTRA COVID-19 A LA NACIONALIDAD WAORANI EN LA ZONA INTANGIBLE"},"content":{"rendered":"\n<p class=\"wp-block-paragraph\"><\/p>\n\n\n\n<p class=\"wp-block-paragraph\">La nacionalidad Waorani, que\nhabita en la Zona Intangible Tagaeri-Taromenane y su Zona de Amortiguamiento,\nrecibir\u00e1 la segunda dosis de la vacuna contra la Covid-19 este jueves 29 y\nviernes 30 de julio de 2021. <\/p>\n\n\n\n<p class=\"wp-block-paragraph\">En este proceso, que coordina la Secretar\u00eda de Derechos Humanos junto al Ministerio de Salud, se vacunar\u00e1 a&nbsp;110 personas, quienes recibieron sus primeras dosis el pasado 1 y 2 de julio.<\/p>\n\n\n\n<p class=\"wp-block-paragraph\">Participan&nbsp;\nhabitantes de siete comunidades, las cuales son: \u00d1oneno, Guemeneweno,\nCononaco Chico, Omere, Omakaweno, Boanamo y Bameno.<\/p>\n\n\n\n<p class=\"wp-block-paragraph\">Estas personas, cuyas edades oscilan desde 16 a\u00f1os\nhasta 97 a\u00f1os, no presentaron ninguna reacci\u00f3n moderada o grave despu\u00e9s de la\nprimera inoculaci\u00f3n, de conformidad con el reporte elaborado por el personal\ndel Ministerio de Salud, quienes realizaron el monitoreo farmacol\u00f3gico de cada\nuno de los vacunados, garantizando as\u00ed su bienestar.<\/p>\n\n\n\n<p class=\"wp-block-paragraph\">Este proceso de vacunaci\u00f3n se realiza con el\nconsentimiento libre, voluntario e informado de los participantes. Para esto,\nlos t\u00e9cnicos de la Secretar\u00eda de Derechos Humanos elaboraron el correspondiente\nFormulario de Consentimiento, el cual fue validado interinstitucionalmente,\ntraducido a la lengua originaria wao tededo, e interpretado en las comunidades;\nesto, en estricta atenci\u00f3n a los est\u00e1ndares nacionales e internacionales de\nprotecci\u00f3n.<\/p>\n\n\n\n<p class=\"wp-block-paragraph\">Del total de vacunados con la primera dosis, 40\npersonas se inocularon en la Estaci\u00f3n de Monitoreo de la ZITT, mientras que\notras 70 personas acudieron a la comunidad de Bameno. <\/p>\n\n\n\n<p class=\"wp-block-paragraph\">Estos dos puntos de vacunaci\u00f3n se mantendr\u00e1n para que\nlos habitantes reciban sus segundas dosis.<\/p>\n\n\n\n<p class=\"wp-block-paragraph\">Con la inclusi\u00f3n de los pobladores Waorani de la\nZITT en el Plan de Vacunaci\u00f3n 9\/100, la Secretar\u00eda de Derechos Humanos ratifica\nsu compromiso de garantizar la protecci\u00f3n y preservaci\u00f3n del patrimonio\ncultural vivo de la Zona Intangible. <\/p>\n","protected":false},"excerpt":{"rendered":"<p class=\"excerpt\">La nacionalidad Waorani, que habita en la Zona Intangible Tagaeri-Taromenane y su Zona de Amortiguamiento, recibir\u00e1 la segunda dosis de la vacuna contra la Covid-19 este jueves 29 y viernes 30 de julio de 2021. En este proceso, que coordina la Secretar\u00eda de Derechos Humanos junto al Ministerio de Salud, se vacunar\u00e1 a&nbsp;110 personas, quienes recibieron sus primeras dosis el&hellip; <a href=\"https:\/\/www.ministeriodegobierno.gob.ec\/derechoshumanos\/2021\/07\/28\/este-jueves-29-y-viernes-30-de-julio-de-2021-se-vacunara-con-la-segunda-dosis-contra-covid-19-a-la-nacionalidad-waorani-en-la-zona-intangible\/\">Read more &rarr;<\/a><\/p>\n","protected":false},"author":6,"featured_media":0,"comment_status":"closed","ping_status":"closed","sticky":false,"template":"","format":"standard","meta":{"footnotes":""},"categories":[20,5,6],"tags":[],"class_list":["post-9827","post","type-post","status-publish","format-standard","hentry","category-boletin-de-prensa","category-noticias","category-noticias-destacadas","xfolkentry"],"_links":{"self":[{"href":"https:\/\/www.ministeriodegobierno.gob.ec\/derechoshumanos\/wp-json\/wp\/v2\/posts\/9827","targetHints":{"allow":["GET"]}}],"collection":[{"href":"https:\/\/www.ministeriodegobierno.gob.ec\/derechoshumanos\/wp-json\/wp\/v2\/posts"}],"about":[{"href":"https:\/\/www.ministeriodegobierno.gob.ec\/derechoshumanos\/wp-json\/wp\/v2\/types\/post"}],"author":[{"embeddable":true,"href":"https:\/\/www.ministeriodegobierno.gob.ec\/derechoshumanos\/wp-json\/wp\/v2\/users\/6"}],"replies":[{"embeddable":true,"href":"https:\/\/www.ministeriodegobierno.gob.ec\/derechoshumanos\/wp-json\/wp\/v2\/comments?post=9827"}],"version-history":[{"count":2,"href":"https:\/\/www.ministeriodegobierno.gob.ec\/derechoshumanos\/wp-json\/wp\/v2\/posts\/9827\/revisions"}],"predecessor-version":[{"id":9830,"href":"https:\/\/www.ministeriodegobierno.gob.ec\/derechoshumanos\/wp-json\/wp\/v2\/posts\/9827\/revisions\/9830"}],"wp:attachment":[{"href":"https:\/\/www.ministeriodegobierno.gob.ec\/derechoshumanos\/wp-json\/wp\/v2\/media?parent=9827"}],"wp:term":[{"taxonomy":"category","embeddable":true,"href":"https:\/\/www.ministeriodegobierno.gob.ec\/derechoshumanos\/wp-json\/wp\/v2\/categories?post=9827"},{"taxonomy":"post_tag","embeddable":true,"href":"https:\/\/www.ministeriodegobierno.gob.ec\/derechoshumanos\/wp-json\/wp\/v2\/tags?post=9827"}],"curies":[{"name":"wp","href":"https:\/\/api.w.org\/{rel}","templated":true}]}}