{"id":9891,"date":"2021-07-30T09:09:18","date_gmt":"2021-07-30T14:09:18","guid":{"rendered":"https:\/\/www.derechoshumanos.gob.ec\/?p=9891"},"modified":"2021-07-30T09:09:19","modified_gmt":"2021-07-30T14:09:19","slug":"la-secretaria-de-derechos-humanos-trabaja-en-el-fortalecimiento-de-los-medios-comunitarios","status":"publish","type":"post","link":"https:\/\/www.ministeriodegobierno.gob.ec\/derechoshumanos\/2021\/07\/30\/la-secretaria-de-derechos-humanos-trabaja-en-el-fortalecimiento-de-los-medios-comunitarios\/","title":{"rendered":"LA SECRETAR\u00cdA DE DERECHOS HUMANOS TRABAJA EN EL FORTALECIMIENTO DE LOS MEDIOS COMUNITARIOS"},"content":{"rendered":"\n<p class=\"wp-block-paragraph\"><\/p>\n\n\n\n<p class=\"wp-block-paragraph\">Con la finalidad de&nbsp; fortalecer y la ampliar&nbsp; la comunicaci\u00f3n intercultural entre el Estado\ny los diversos actores sociales, organizaciones de nacionalidades y pueblos, ind\u00edgenas,\nafro ecuatorianos y montubios y la ciudadan\u00eda, la Subsecretaria de Nacionalidades,\nPueblos y Movimientos Sociales, Samia M\u00e1rmol, visit\u00f3 la radio comunitaria\nAmpara Su, en Ibarra. <\/p>\n\n\n\n<p class=\"wp-block-paragraph\">Esta instituci\u00f3n, a trav\u00e9s del Proyecto\n\u00abCreaci\u00f3n de Redes de Medios Comunitarios P\u00fablicos y Privados\nLocales\u00bb, &nbsp;trabaja con&nbsp; 14 radios comunitarias de las nacionalidades\ny pueblos para fomentar la participaci\u00f3n ciudadana y el desarrollo de la\ninterculturalidad. <\/p>\n\n\n\n<p class=\"wp-block-paragraph\">La Federaci\u00f3n de Centros AW\u00c1 del Ecuador (FCAE),\nde la nacionalidad Aw\u00e1, administra la Radio Ampara Su.<\/p>\n\n\n\n<p class=\"wp-block-paragraph\">Mediante la programaci\u00f3n de esta emisora se\ntransmiten programas de diversos g\u00e9neros en su propia lengua Awapit. <\/p>\n\n\n\n<p class=\"wp-block-paragraph\">La nacionalidad tiene una poblaci\u00f3n de\naproximadamente 29 000 personas. <\/p>\n\n\n\n<p class=\"wp-block-paragraph\">La Subsecretaria M\u00e1rmol se\u00f1al\u00f3 &nbsp;que el trabajo de las radios comunitarias es\nde vital importancia para la construcci\u00f3n del Estado Plurinacional e\nIntercultural y manifest\u00f3 el apoyo institucional para coordinar la capacitaci\u00f3n\npermanente a los comunicadores de los medios comunitarios, as\u00ed como talleres\nsobre el Modelo de Gesti\u00f3n y Plan de Sostenibilidad de estos medios. <\/p>\n\n\n\n<p class=\"wp-block-paragraph\">Por su parte, Gissella Guanga, directora de la Radio, &nbsp;indic\u00f3 que el acompa\u00f1amiento de la Secretar\u00eda\nde Derechos Humanos ha sido fundamental para la implementaci\u00f3n de este medio de\ncomunicaci\u00f3n. Reconoci\u00f3 el trabajo de la Secretar\u00eda de Derechos Humanos en\ncuanto a asistencia t\u00e9cnica, asesor\u00eda y acompa\u00f1amiento.<\/p>\n\n\n\n<p class=\"wp-block-paragraph\">El Gobierno del Encuentro, a trav\u00e9s del Proyecto \u00abCreaci\u00f3n de Redes de Medios\nComunitarios P\u00fablicos y Privados Locales\u00bb trabaja con 14 radios\ncomunitarias de las nacionalidades y pueblos para fortalecer la participaci\u00f3n\nciudadana y el desarrollo de la interculturalidad. <\/p>\n\n\n\n<p class=\"wp-block-paragraph\"><\/p>\n","protected":false},"excerpt":{"rendered":"<p class=\"excerpt\">Con la finalidad de&nbsp; fortalecer y la ampliar&nbsp; la comunicaci\u00f3n intercultural entre el Estado y los diversos actores sociales, organizaciones de nacionalidades y pueblos, ind\u00edgenas, afro ecuatorianos y montubios y la ciudadan\u00eda, la Subsecretaria de Nacionalidades, Pueblos y Movimientos Sociales, Samia M\u00e1rmol, visit\u00f3 la radio comunitaria Ampara Su, en Ibarra. Esta instituci\u00f3n, a trav\u00e9s del Proyecto \u00abCreaci\u00f3n de Redes de&hellip; <a href=\"https:\/\/www.ministeriodegobierno.gob.ec\/derechoshumanos\/2021\/07\/30\/la-secretaria-de-derechos-humanos-trabaja-en-el-fortalecimiento-de-los-medios-comunitarios\/\">Read more &rarr;<\/a><\/p>\n","protected":false},"author":6,"featured_media":9892,"comment_status":"closed","ping_status":"closed","sticky":false,"template":"","format":"standard","meta":{"footnotes":""},"categories":[20,5,6],"tags":[],"class_list":["post-9891","post","type-post","status-publish","format-standard","has-post-thumbnail","hentry","category-boletin-de-prensa","category-noticias","category-noticias-destacadas","xfolkentry"],"_links":{"self":[{"href":"https:\/\/www.ministeriodegobierno.gob.ec\/derechoshumanos\/wp-json\/wp\/v2\/posts\/9891","targetHints":{"allow":["GET"]}}],"collection":[{"href":"https:\/\/www.ministeriodegobierno.gob.ec\/derechoshumanos\/wp-json\/wp\/v2\/posts"}],"about":[{"href":"https:\/\/www.ministeriodegobierno.gob.ec\/derechoshumanos\/wp-json\/wp\/v2\/types\/post"}],"author":[{"embeddable":true,"href":"https:\/\/www.ministeriodegobierno.gob.ec\/derechoshumanos\/wp-json\/wp\/v2\/users\/6"}],"replies":[{"embeddable":true,"href":"https:\/\/www.ministeriodegobierno.gob.ec\/derechoshumanos\/wp-json\/wp\/v2\/comments?post=9891"}],"version-history":[{"count":1,"href":"https:\/\/www.ministeriodegobierno.gob.ec\/derechoshumanos\/wp-json\/wp\/v2\/posts\/9891\/revisions"}],"predecessor-version":[{"id":9893,"href":"https:\/\/www.ministeriodegobierno.gob.ec\/derechoshumanos\/wp-json\/wp\/v2\/posts\/9891\/revisions\/9893"}],"wp:featuredmedia":[{"embeddable":true,"href":"https:\/\/www.ministeriodegobierno.gob.ec\/derechoshumanos\/wp-json\/wp\/v2\/media\/9892"}],"wp:attachment":[{"href":"https:\/\/www.ministeriodegobierno.gob.ec\/derechoshumanos\/wp-json\/wp\/v2\/media?parent=9891"}],"wp:term":[{"taxonomy":"category","embeddable":true,"href":"https:\/\/www.ministeriodegobierno.gob.ec\/derechoshumanos\/wp-json\/wp\/v2\/categories?post=9891"},{"taxonomy":"post_tag","embeddable":true,"href":"https:\/\/www.ministeriodegobierno.gob.ec\/derechoshumanos\/wp-json\/wp\/v2\/tags?post=9891"}],"curies":[{"name":"wp","href":"https:\/\/api.w.org\/{rel}","templated":true}]}}