{"id":9894,"date":"2021-07-31T10:16:34","date_gmt":"2021-07-31T15:16:34","guid":{"rendered":"https:\/\/www.derechoshumanos.gob.ec\/?p=9894"},"modified":"2021-08-03T10:16:59","modified_gmt":"2021-08-03T15:16:59","slug":"el-servicio-de-proteccion-integral-participo-en-riobamba-en-la-casa-abierta-de-sensibilizacion-de-los-derechos-de-ninos-y-adolescentes","status":"publish","type":"post","link":"https:\/\/www.ministeriodegobierno.gob.ec\/derechoshumanos\/2021\/07\/31\/el-servicio-de-proteccion-integral-participo-en-riobamba-en-la-casa-abierta-de-sensibilizacion-de-los-derechos-de-ninos-y-adolescentes\/","title":{"rendered":"EL SERVICIO DE PROTECCI\u00d3N INTEGRAL PARTICIP\u00d3 EN RIOBAMBA EN LA CASA ABIERTA DE SENSIBILIZACI\u00d3N DE LOS DERECHOS DE NI\u00d1OS Y ADOLESCENTES"},"content":{"rendered":"\n<p class=\"wp-block-paragraph\"><\/p>\n\n\n\n<p class=\"wp-block-paragraph\">La Secretar\u00eda de Derechos Humanos particip\u00f3 en la Casa Abierta\n\u201cSensibilizaci\u00f3n de los derechos de ni\u00f1os y adolescentes y fortalecimiento de\nla prevenci\u00f3n y erradicaci\u00f3n de la violencia de g\u00e9nero\u201d.<\/p>\n\n\n\n<p class=\"wp-block-paragraph\">Este encuentro, que se\nrealiz\u00f3 en Riobamba, tuvo el objetivo de concienciar en la ciudadan\u00eda sobre esta problem\u00e1tica que afecta a toda\nla sociedad. <\/p>\n\n\n\n<p class=\"wp-block-paragraph\">Mediante un stand informativo, la Secretar\u00eda de Derechos Humanos inform\u00f3\nsobre los servicios que presta&nbsp; y se\nbrind\u00f3 orientaciones para detectar, atender y prevenir de forma integral\nsituaciones de violencia que viven mujeres, ni\u00f1os, ni\u00f1as, adolescentes en el\ncant\u00f3n. <\/p>\n\n\n\n<p class=\"wp-block-paragraph\">Tambi\u00e9n los &nbsp;asistentes tuvieron la\noportunidad de conocer los servicios que entregan otras instituciones como la Defensor\u00eda del Pueblo, Ministerio\nde Salud y Ministerio de Educaci\u00f3n. <\/p>\n\n\n\n<p class=\"wp-block-paragraph\">Tambi\u00e9n se expuso la ruta de atenci\u00f3n, medidas de protecci\u00f3n en situaciones\nde violencia y las estrategias de intervenci\u00f3n para lograr la meta de Femicidio\nCero del Gobierno del Encuentro, del presidente Guillermo Lasso. <\/p>\n\n\n\n<p class=\"wp-block-paragraph\">Adem\u00e1s, se comunic\u00f3 las acciones de atenci\u00f3n, prevenci\u00f3n y restituci\u00f3n de\nderechos desarrolladas por los organismos del Sistema Local de Protecci\u00f3n de\nDerechos.<\/p>\n\n\n\n<p class=\"wp-block-paragraph\">Abigail Lara, coordinadora de la Oficina T\u00e9cnica de la Zona 3, se\u00f1al\u00f3 que\n\u201cel Servicio de Protecci\u00f3n Integral se encarga del acompa\u00f1amiento y\nseguimiento&nbsp; de sobrevivientes de\nviolencia a fin de restituir sus derechos\u201d.<\/p>\n\n\n\n<p class=\"wp-block-paragraph\">La Secretar\u00eda de Derechos Humanos trabaja por erradicar toda forma de\nviolencia en el Ecuador, mediante la articulaci\u00f3n de pol\u00edticas con las 22\ninstituciones que forman parte del Sistema Nacional de Prevenci\u00f3n y\nErradicaci\u00f3n de la Violencia. <\/p>\n","protected":false},"excerpt":{"rendered":"<p class=\"excerpt\">La Secretar\u00eda de Derechos Humanos particip\u00f3 en la Casa Abierta \u201cSensibilizaci\u00f3n de los derechos de ni\u00f1os y adolescentes y fortalecimiento de la prevenci\u00f3n y erradicaci\u00f3n de la violencia de g\u00e9nero\u201d. Este encuentro, que se realiz\u00f3 en Riobamba, tuvo el objetivo de concienciar en la ciudadan\u00eda sobre esta problem\u00e1tica que afecta a toda la sociedad. Mediante un stand informativo, la Secretar\u00eda&hellip; <a href=\"https:\/\/www.ministeriodegobierno.gob.ec\/derechoshumanos\/2021\/07\/31\/el-servicio-de-proteccion-integral-participo-en-riobamba-en-la-casa-abierta-de-sensibilizacion-de-los-derechos-de-ninos-y-adolescentes\/\">Read more &rarr;<\/a><\/p>\n","protected":false},"author":6,"featured_media":9895,"comment_status":"closed","ping_status":"closed","sticky":false,"template":"","format":"standard","meta":{"footnotes":""},"categories":[20,5,6],"tags":[],"class_list":["post-9894","post","type-post","status-publish","format-standard","has-post-thumbnail","hentry","category-boletin-de-prensa","category-noticias","category-noticias-destacadas","xfolkentry"],"_links":{"self":[{"href":"https:\/\/www.ministeriodegobierno.gob.ec\/derechoshumanos\/wp-json\/wp\/v2\/posts\/9894","targetHints":{"allow":["GET"]}}],"collection":[{"href":"https:\/\/www.ministeriodegobierno.gob.ec\/derechoshumanos\/wp-json\/wp\/v2\/posts"}],"about":[{"href":"https:\/\/www.ministeriodegobierno.gob.ec\/derechoshumanos\/wp-json\/wp\/v2\/types\/post"}],"author":[{"embeddable":true,"href":"https:\/\/www.ministeriodegobierno.gob.ec\/derechoshumanos\/wp-json\/wp\/v2\/users\/6"}],"replies":[{"embeddable":true,"href":"https:\/\/www.ministeriodegobierno.gob.ec\/derechoshumanos\/wp-json\/wp\/v2\/comments?post=9894"}],"version-history":[{"count":1,"href":"https:\/\/www.ministeriodegobierno.gob.ec\/derechoshumanos\/wp-json\/wp\/v2\/posts\/9894\/revisions"}],"predecessor-version":[{"id":9896,"href":"https:\/\/www.ministeriodegobierno.gob.ec\/derechoshumanos\/wp-json\/wp\/v2\/posts\/9894\/revisions\/9896"}],"wp:featuredmedia":[{"embeddable":true,"href":"https:\/\/www.ministeriodegobierno.gob.ec\/derechoshumanos\/wp-json\/wp\/v2\/media\/9895"}],"wp:attachment":[{"href":"https:\/\/www.ministeriodegobierno.gob.ec\/derechoshumanos\/wp-json\/wp\/v2\/media?parent=9894"}],"wp:term":[{"taxonomy":"category","embeddable":true,"href":"https:\/\/www.ministeriodegobierno.gob.ec\/derechoshumanos\/wp-json\/wp\/v2\/categories?post=9894"},{"taxonomy":"post_tag","embeddable":true,"href":"https:\/\/www.ministeriodegobierno.gob.ec\/derechoshumanos\/wp-json\/wp\/v2\/tags?post=9894"}],"curies":[{"name":"wp","href":"https:\/\/api.w.org\/{rel}","templated":true}]}}