{"id":9897,"date":"2021-07-31T12:18:56","date_gmt":"2021-07-31T17:18:56","guid":{"rendered":"https:\/\/www.derechoshumanos.gob.ec\/?p=9897"},"modified":"2021-08-03T10:21:28","modified_gmt":"2021-08-03T15:21:28","slug":"la-secretaria-de-derechos-humanos-capacito-a-miembros-de-la-junta-cantonal-de-proteccion-de-derechos-de-loja","status":"publish","type":"post","link":"https:\/\/www.ministeriodegobierno.gob.ec\/derechoshumanos\/2021\/07\/31\/la-secretaria-de-derechos-humanos-capacito-a-miembros-de-la-junta-cantonal-de-proteccion-de-derechos-de-loja\/","title":{"rendered":"LA SECRETAR\u00cdA DE DERECHOS HUMANOS CAPACIT\u00d3 A MIEMBROS DE LA JUNTA CANTONAL DE PROTECCI\u00d3N DE DERECHOS DE LOJA"},"content":{"rendered":"\n<p class=\"wp-block-paragraph\"><\/p>\n\n\n\n<p class=\"wp-block-paragraph\">La Secretar\u00eda de Derechos Humanos, a trav\u00e9s de su\nequipo multidisciplinario especializado en derecho, trabajo social y psicolog\u00eda,\n&nbsp;capacit\u00f3 a miembros de la Junta Cantonal\nde Protecci\u00f3n de Derechos de Loja. <\/p>\n\n\n\n<p class=\"wp-block-paragraph\">En este encuentro se inform\u00f3 sobre las competencias y\nservicios que ofrece esta Instituci\u00f3n.<\/p>\n\n\n\n<p class=\"wp-block-paragraph\">Adem\u00e1s, los asistentes conocieron sobre el Servicio de Protecci\u00f3n Integral &nbsp;(SPI), cuya funci\u00f3n esencial es la prevenci\u00f3n,\nprotecci\u00f3n &nbsp;y atenci\u00f3n a sobrevivientes\nde violencia de g\u00e9nero, &nbsp;as\u00ed como la\nrestituci\u00f3n de los derechos vulnerados de ni\u00f1as, ni\u00f1os, adolescentes, mujeres y\ndem\u00e1s grupos de atenci\u00f3n prioritaria. <\/p>\n\n\n\n<p class=\"wp-block-paragraph\">El SPI esta conformado por&nbsp;\nprofesionales en las ar\u00e9as de psic\u00f3log\u00eda cl\u00ednica, trabajo social y\nasesor\u00eda jur\u00eddica que se encargan de brindar una respuesta oportuna a cada caso.\n<\/p>\n\n\n\n<p class=\"wp-block-paragraph\">Isabel Espinosa Ortega,&nbsp; coordinadora de la oficina t\u00e9cnica 7, indic\u00f3 &nbsp;que \u201cesta actividad busca fortalecer acciones\ninterinstitucionales para prevenir y erradicar todo tipo de violencias, en el\ncumplimiento de nuestras atribuciones constitucionales y legales, territorializando\nla pol\u00edtica publica y velando por la plena vigencia de los Derechos Humanos\u201d.<\/p>\n\n\n\n<p class=\"wp-block-paragraph\">A nivel nacional, la Secretar\u00eda de Derechos Humanos\ncuenta con 45 SPI, que se suman al objetivo del Gobierno del Encuentro, del\npresidente Guillermo Lasso, de erradicaci\u00f3n de toda forma de violencia en el\nEcuador. <\/p>\n","protected":false},"excerpt":{"rendered":"<p class=\"excerpt\">La Secretar\u00eda de Derechos Humanos, a trav\u00e9s de su equipo multidisciplinario especializado en derecho, trabajo social y psicolog\u00eda, &nbsp;capacit\u00f3 a miembros de la Junta Cantonal de Protecci\u00f3n de Derechos de Loja. En este encuentro se inform\u00f3 sobre las competencias y servicios que ofrece esta Instituci\u00f3n. Adem\u00e1s, los asistentes conocieron sobre el Servicio de Protecci\u00f3n Integral &nbsp;(SPI), cuya funci\u00f3n esencial es&hellip; <a href=\"https:\/\/www.ministeriodegobierno.gob.ec\/derechoshumanos\/2021\/07\/31\/la-secretaria-de-derechos-humanos-capacito-a-miembros-de-la-junta-cantonal-de-proteccion-de-derechos-de-loja\/\">Read more &rarr;<\/a><\/p>\n","protected":false},"author":6,"featured_media":9898,"comment_status":"closed","ping_status":"closed","sticky":false,"template":"","format":"standard","meta":{"footnotes":""},"categories":[20,5,6],"tags":[],"class_list":["post-9897","post","type-post","status-publish","format-standard","has-post-thumbnail","hentry","category-boletin-de-prensa","category-noticias","category-noticias-destacadas","xfolkentry"],"_links":{"self":[{"href":"https:\/\/www.ministeriodegobierno.gob.ec\/derechoshumanos\/wp-json\/wp\/v2\/posts\/9897","targetHints":{"allow":["GET"]}}],"collection":[{"href":"https:\/\/www.ministeriodegobierno.gob.ec\/derechoshumanos\/wp-json\/wp\/v2\/posts"}],"about":[{"href":"https:\/\/www.ministeriodegobierno.gob.ec\/derechoshumanos\/wp-json\/wp\/v2\/types\/post"}],"author":[{"embeddable":true,"href":"https:\/\/www.ministeriodegobierno.gob.ec\/derechoshumanos\/wp-json\/wp\/v2\/users\/6"}],"replies":[{"embeddable":true,"href":"https:\/\/www.ministeriodegobierno.gob.ec\/derechoshumanos\/wp-json\/wp\/v2\/comments?post=9897"}],"version-history":[{"count":1,"href":"https:\/\/www.ministeriodegobierno.gob.ec\/derechoshumanos\/wp-json\/wp\/v2\/posts\/9897\/revisions"}],"predecessor-version":[{"id":9899,"href":"https:\/\/www.ministeriodegobierno.gob.ec\/derechoshumanos\/wp-json\/wp\/v2\/posts\/9897\/revisions\/9899"}],"wp:featuredmedia":[{"embeddable":true,"href":"https:\/\/www.ministeriodegobierno.gob.ec\/derechoshumanos\/wp-json\/wp\/v2\/media\/9898"}],"wp:attachment":[{"href":"https:\/\/www.ministeriodegobierno.gob.ec\/derechoshumanos\/wp-json\/wp\/v2\/media?parent=9897"}],"wp:term":[{"taxonomy":"category","embeddable":true,"href":"https:\/\/www.ministeriodegobierno.gob.ec\/derechoshumanos\/wp-json\/wp\/v2\/categories?post=9897"},{"taxonomy":"post_tag","embeddable":true,"href":"https:\/\/www.ministeriodegobierno.gob.ec\/derechoshumanos\/wp-json\/wp\/v2\/tags?post=9897"}],"curies":[{"name":"wp","href":"https:\/\/api.w.org\/{rel}","templated":true}]}}