{"id":9900,"date":"2021-07-31T22:23:07","date_gmt":"2021-08-01T03:23:07","guid":{"rendered":"https:\/\/www.derechoshumanos.gob.ec\/?p=9900"},"modified":"2021-08-03T10:25:50","modified_gmt":"2021-08-03T15:25:50","slug":"jefes-y-tenientes-politicos-de-tungurahua-conocen-sobre-la-ruta-de-atencion-y-emision-de-medidas-administrativas-de-proteccion","status":"publish","type":"post","link":"https:\/\/www.ministeriodegobierno.gob.ec\/derechoshumanos\/2021\/07\/31\/jefes-y-tenientes-politicos-de-tungurahua-conocen-sobre-la-ruta-de-atencion-y-emision-de-medidas-administrativas-de-proteccion\/","title":{"rendered":"Jefes y Tenientes Pol\u00edticos de Tungurahua conocen sobre la  Ruta de atenci\u00f3n y emisi\u00f3n de Medidas Administrativas de Protecci\u00f3n"},"content":{"rendered":"\n<p class=\"wp-block-paragraph\"><\/p>\n\n\n\n<p class=\"wp-block-paragraph\">La Secretar\u00eda\nde Derechos Humanos capacit\u00f3 a 37 Jefes y Tenientes Pol\u00edticos, de la provincia\nde Tungurahua,&nbsp; en la ruta de atenci\u00f3n y\nemisi\u00f3n de Medidas Administrativas de Protecci\u00f3n. <\/p>\n\n\n\n<p class=\"wp-block-paragraph\">Esta\ninstituci\u00f3n articula pol\u00edticas p\u00fablicas con las 22 entidades del Estado que\nforman parte del Sistema Nacional Integral para la Prevenci\u00f3n y&nbsp; Erradicaci\u00f3n de la Violencia contra las\nMujeres. <\/p>\n\n\n\n<p class=\"wp-block-paragraph\">Este taller se\ndio con el objetivo de fortalecer las capacidades\ninstitucionales de las Tenencias Pol\u00edticas y Comisar\u00edas Nacionales, as\u00ed como\ncontribuir a la garant\u00eda del derecho a una vida libre de violencia para las\nmujeres. <\/p>\n\n\n\n<p class=\"wp-block-paragraph\">Los Jefes y Tenientes Pol\u00edticos son los representantes del Ejecutivo Desconcentrado en\ncada parroquia y los primeros llamados a actuar, junto a la Polic\u00eda, cuando\nexistan casos de violencia basada en g\u00e9nero.<\/p>\n\n\n\n<p class=\"wp-block-paragraph\">Adem\u00e1s, se solicit\u00f3 que en sus\nterritorios realicen capacitaciones, charlas informativas a fin de promover,\nsensibilizar e informar sobre la a Ley Org\u00e1nica Integral para Prevenir y\nErradicar la Violencia contra la Mujer, as\u00ed como implementar acciones que\npermitan llegar a la meta de Femicidio Cero en Ecuador, que es uno de los\nobjetivos del Gobierno del Encuentro, del presidente Guillermo Lasso. <\/p>\n\n\n\n<p class=\"wp-block-paragraph\">\u201cLos Tenientes\nPol\u00edticos deben estar capacitados para dar la primera asistencia a\nsobrevivientes de violencia dentro de sus parroquias\u201d, se\u00f1al\u00f3 Abigail Lara,\ncoordinadora de la Oficina T\u00e9cnica 3, quien acot\u00f3 que las Tenencias Pol\u00edticas\ntienen las competencias de emitir las Medidas Administrativas de Protecci\u00f3n. <\/p>\n","protected":false},"excerpt":{"rendered":"<p class=\"excerpt\">La Secretar\u00eda de Derechos Humanos capacit\u00f3 a 37 Jefes y Tenientes Pol\u00edticos, de la provincia de Tungurahua,&nbsp; en la ruta de atenci\u00f3n y emisi\u00f3n de Medidas Administrativas de Protecci\u00f3n. Esta instituci\u00f3n articula pol\u00edticas p\u00fablicas con las 22 entidades del Estado que forman parte del Sistema Nacional Integral para la Prevenci\u00f3n y&nbsp; Erradicaci\u00f3n de la Violencia contra las Mujeres. Este taller&hellip; <a href=\"https:\/\/www.ministeriodegobierno.gob.ec\/derechoshumanos\/2021\/07\/31\/jefes-y-tenientes-politicos-de-tungurahua-conocen-sobre-la-ruta-de-atencion-y-emision-de-medidas-administrativas-de-proteccion\/\">Read more &rarr;<\/a><\/p>\n","protected":false},"author":6,"featured_media":9901,"comment_status":"closed","ping_status":"closed","sticky":false,"template":"","format":"standard","meta":{"footnotes":""},"categories":[20,5,6],"tags":[],"class_list":["post-9900","post","type-post","status-publish","format-standard","has-post-thumbnail","hentry","category-boletin-de-prensa","category-noticias","category-noticias-destacadas","xfolkentry"],"_links":{"self":[{"href":"https:\/\/www.ministeriodegobierno.gob.ec\/derechoshumanos\/wp-json\/wp\/v2\/posts\/9900","targetHints":{"allow":["GET"]}}],"collection":[{"href":"https:\/\/www.ministeriodegobierno.gob.ec\/derechoshumanos\/wp-json\/wp\/v2\/posts"}],"about":[{"href":"https:\/\/www.ministeriodegobierno.gob.ec\/derechoshumanos\/wp-json\/wp\/v2\/types\/post"}],"author":[{"embeddable":true,"href":"https:\/\/www.ministeriodegobierno.gob.ec\/derechoshumanos\/wp-json\/wp\/v2\/users\/6"}],"replies":[{"embeddable":true,"href":"https:\/\/www.ministeriodegobierno.gob.ec\/derechoshumanos\/wp-json\/wp\/v2\/comments?post=9900"}],"version-history":[{"count":1,"href":"https:\/\/www.ministeriodegobierno.gob.ec\/derechoshumanos\/wp-json\/wp\/v2\/posts\/9900\/revisions"}],"predecessor-version":[{"id":9902,"href":"https:\/\/www.ministeriodegobierno.gob.ec\/derechoshumanos\/wp-json\/wp\/v2\/posts\/9900\/revisions\/9902"}],"wp:featuredmedia":[{"embeddable":true,"href":"https:\/\/www.ministeriodegobierno.gob.ec\/derechoshumanos\/wp-json\/wp\/v2\/media\/9901"}],"wp:attachment":[{"href":"https:\/\/www.ministeriodegobierno.gob.ec\/derechoshumanos\/wp-json\/wp\/v2\/media?parent=9900"}],"wp:term":[{"taxonomy":"category","embeddable":true,"href":"https:\/\/www.ministeriodegobierno.gob.ec\/derechoshumanos\/wp-json\/wp\/v2\/categories?post=9900"},{"taxonomy":"post_tag","embeddable":true,"href":"https:\/\/www.ministeriodegobierno.gob.ec\/derechoshumanos\/wp-json\/wp\/v2\/tags?post=9900"}],"curies":[{"name":"wp","href":"https:\/\/api.w.org\/{rel}","templated":true}]}}