{"id":9903,"date":"2021-08-03T13:16:19","date_gmt":"2021-08-03T18:16:19","guid":{"rendered":"https:\/\/www.derechoshumanos.gob.ec\/?p=9903"},"modified":"2021-08-03T13:16:20","modified_gmt":"2021-08-03T18:16:20","slug":"maria-isabel-espinosa-es-designada-como-secretaria-tecnica-del-consejo-nacional-para-la-igualdad-de-genero","status":"publish","type":"post","link":"https:\/\/www.ministeriodegobierno.gob.ec\/derechoshumanos\/2021\/08\/03\/maria-isabel-espinosa-es-designada-como-secretaria-tecnica-del-consejo-nacional-para-la-igualdad-de-genero\/","title":{"rendered":"MAR\u00cdA ISABEL ESPINOSA ES DESIGNADA COMO SECRETARIA T\u00c9CNICA DEL CONSEJO NACIONAL PARA LA IGUALDAD DE G\u00c9NERO"},"content":{"rendered":"\n<p class=\"wp-block-paragraph\">La Secretaria de Derechos\nHumanos, Bernarda Ord\u00f3\u00f1ez Moscoso, como delegada del Presidente de la\nRep\u00fablica, Guillermo Lasso, design\u00f3 a Mar\u00eda Isabel Espinosa Ortega como\nSecretaria T\u00e9cnica del Consejo Nacional para la Igualdad de G\u00e9nero. <\/p>\n\n\n\n<p class=\"wp-block-paragraph\">Espinosa se desempe\u00f1aba como Coordinadora\nde la Oficina T\u00e9cnica Zona 7, que recoge el accionar de las provincias de Loja,\nEl Oro y Zamora Chinchipe. <\/p>\n\n\n\n<p class=\"wp-block-paragraph\">Rosa Amalia Castillo, asesora\njur\u00eddica de la Oficina T\u00e9cnica Zona 7, estar\u00e1 encargada de la Oficina T\u00e9cnica\nZona 7 durante agosto.<\/p>\n\n\n\n<p class=\"wp-block-paragraph\">La nueva Secretaria T\u00e9cnica\nes&nbsp; abogada, mag\u00edster en Derecho con\nmenci\u00f3n en Derecho Constitucional, Maestrante en Derecho Penal. Con estudios en\nDerechos y Garant\u00edas de las V\u00edctimas; G\u00e9nero y Derechos Humanos de las Mujeres;\nSistemas de protecci\u00f3n de derechos; Reparaci\u00f3n Integral; Derecho Internacional\nHumanitario, entre otros. Activista por los Derechos Humanos; colaboradora de\nla Plataforma por el Acceso a la Justicia y Tutela Judicial Efectiva; docente e\ninvestigadora universitaria; consultora nacional e internacional.&nbsp; <\/p>\n\n\n\n<p class=\"wp-block-paragraph\">Adem\u00e1s es miembro de la primera\nRed de Mujeres Constitucionalistas del Ecuador y mentora en el programa en\n\u201cDisruptive Women Ecuador\u201d.<\/p>\n\n\n\n<p class=\"wp-block-paragraph\">El Consejo Nacional para la\nIgualdad de G\u00e9nero tiene como misi\u00f3n ser el mecanismo especializado del Estado\nresponsable de asegurar la plena vigencia y el ejercicio de los derechos de las\nmujeres y personas LGBTI, consagrados en la Constituci\u00f3n<\/p>\n\n\n\n<p class=\"wp-block-paragraph\"><strong>Para mayor informaci\u00f3n: <\/strong><\/p>\n\n\n\n<p class=\"wp-block-paragraph\"><strong>DIRECCI\u00d3N DE COMUNICACI\u00d3N SOCIAL<\/strong><\/p>\n","protected":false},"excerpt":{"rendered":"<p class=\"excerpt\">La Secretaria de Derechos Humanos, Bernarda Ord\u00f3\u00f1ez Moscoso, como delegada del Presidente de la Rep\u00fablica, Guillermo Lasso, design\u00f3 a Mar\u00eda Isabel Espinosa Ortega como Secretaria T\u00e9cnica del Consejo Nacional para la Igualdad de G\u00e9nero. Espinosa se desempe\u00f1aba como Coordinadora de la Oficina T\u00e9cnica Zona 7, que recoge el accionar de las provincias de Loja, El Oro y Zamora Chinchipe. Rosa&hellip; <a href=\"https:\/\/www.ministeriodegobierno.gob.ec\/derechoshumanos\/2021\/08\/03\/maria-isabel-espinosa-es-designada-como-secretaria-tecnica-del-consejo-nacional-para-la-igualdad-de-genero\/\">Read more &rarr;<\/a><\/p>\n","protected":false},"author":8,"featured_media":0,"comment_status":"closed","ping_status":"closed","sticky":false,"template":"","format":"standard","meta":{"footnotes":""},"categories":[20,5,6],"tags":[],"class_list":["post-9903","post","type-post","status-publish","format-standard","hentry","category-boletin-de-prensa","category-noticias","category-noticias-destacadas","xfolkentry"],"_links":{"self":[{"href":"https:\/\/www.ministeriodegobierno.gob.ec\/derechoshumanos\/wp-json\/wp\/v2\/posts\/9903","targetHints":{"allow":["GET"]}}],"collection":[{"href":"https:\/\/www.ministeriodegobierno.gob.ec\/derechoshumanos\/wp-json\/wp\/v2\/posts"}],"about":[{"href":"https:\/\/www.ministeriodegobierno.gob.ec\/derechoshumanos\/wp-json\/wp\/v2\/types\/post"}],"author":[{"embeddable":true,"href":"https:\/\/www.ministeriodegobierno.gob.ec\/derechoshumanos\/wp-json\/wp\/v2\/users\/8"}],"replies":[{"embeddable":true,"href":"https:\/\/www.ministeriodegobierno.gob.ec\/derechoshumanos\/wp-json\/wp\/v2\/comments?post=9903"}],"version-history":[{"count":1,"href":"https:\/\/www.ministeriodegobierno.gob.ec\/derechoshumanos\/wp-json\/wp\/v2\/posts\/9903\/revisions"}],"predecessor-version":[{"id":9904,"href":"https:\/\/www.ministeriodegobierno.gob.ec\/derechoshumanos\/wp-json\/wp\/v2\/posts\/9903\/revisions\/9904"}],"wp:attachment":[{"href":"https:\/\/www.ministeriodegobierno.gob.ec\/derechoshumanos\/wp-json\/wp\/v2\/media?parent=9903"}],"wp:term":[{"taxonomy":"category","embeddable":true,"href":"https:\/\/www.ministeriodegobierno.gob.ec\/derechoshumanos\/wp-json\/wp\/v2\/categories?post=9903"},{"taxonomy":"post_tag","embeddable":true,"href":"https:\/\/www.ministeriodegobierno.gob.ec\/derechoshumanos\/wp-json\/wp\/v2\/tags?post=9903"}],"curies":[{"name":"wp","href":"https:\/\/api.w.org\/{rel}","templated":true}]}}