{"id":9920,"date":"2021-08-05T16:11:45","date_gmt":"2021-08-05T21:11:45","guid":{"rendered":"https:\/\/www.derechoshumanos.gob.ec\/?p=9920"},"modified":"2021-08-05T16:11:45","modified_gmt":"2021-08-05T21:11:45","slug":"la-secretaria-de-derechos-humanos-plantea-las-jornadas-en-contra-de-la-violencia-hacia-las-mujeres-con-todas-las-instituciones-del-gobierno-del-encuentro","status":"publish","type":"post","link":"https:\/\/www.ministeriodegobierno.gob.ec\/derechoshumanos\/2021\/08\/05\/la-secretaria-de-derechos-humanos-plantea-las-jornadas-en-contra-de-la-violencia-hacia-las-mujeres-con-todas-las-instituciones-del-gobierno-del-encuentro\/","title":{"rendered":"LA SECRETAR\u00cdA DE DERECHOS HUMANOS PLANTEA LAS JORNADAS EN CONTRA DE LA VIOLENCIA HACIA LAS MUJERES CON TODAS LAS INSTITUCIONES DEL GOBIERNO DEL ENCUENTRO"},"content":{"rendered":"\n<p class=\"wp-block-paragraph\"><\/p>\n\n\n\n<p class=\"wp-block-paragraph\">La Secretaria de Derechos Humanos, Bernarda Ord\u00f3\u00f1ez\nMoscoso, lider\u00f3 una mesa de trabajo con autoridades de las instituciones del\nGobierno del Encuentro, para planificar las \u201c<strong>Jornadas en contra de la\nViolencia contra las Mujeres\u201d <\/strong>.<\/p>\n\n\n\n<p class=\"wp-block-paragraph\">Esta actividad se realizar\u00e1 en el marco del 25 de\nnoviembre, D\u00eda Internacional de la Erradicaci\u00f3n de la Violencia contra las Mujeres\ny se espera que todas las Carteras de Estado presenten sus planes, estrategias\ny proyectos enmarcados en la prevenci\u00f3n de la violencia, el empoderamiento\necon\u00f3mico y en derechos de las mujeres, ni\u00f1as y adolescentes. <\/p>\n\n\n\n<p class=\"wp-block-paragraph\">Asimismo, la Secretar\u00eda de Derechos Humanos, como ente\nrector del Sistema Nacional de Prevenci\u00f3n y Erradicaci\u00f3n de la Violencia contra\nlas Mujeres, plante\u00f3 la importancia de una articulaci\u00f3n efectiva de las 22\ninstituciones que&nbsp; lo conforman para\ncumplir con la protecci\u00f3n, atenci\u00f3n y reparaci\u00f3n a las sobrevivientes de\nviolencia de forma integral, especializada y eficaz. <\/p>\n\n\n\n<p class=\"wp-block-paragraph\">Una de las metas del Gobierno del Encuentro es llegar al\nFemicidio Cero en Ecuador, es por esto que la Secretaria Ord\u00f3\u00f1ez Moscoso solicit\u00f3\nla cooperaci\u00f3n de todas las instituciones para que se sumen a esta iniciativa\nque busca cambiar la vida de las mujeres.<\/p>\n\n\n\n<p class=\"wp-block-paragraph\">En esta cita se plante\u00f3 una hoja de ruta a seguir de\nmanera coordinada con la finalidad de realizar varias actividades durante los\n16 d\u00edas de activismo que se desarrollan desde el 25 de noviembre hasta el 10 de\ndiciembre, que se conmemora el D\u00eda Internacional de los Derechos Humanos. <\/p>\n\n\n\n<p class=\"wp-block-paragraph\">De esta manera, la Secretar\u00eda de Derechos Humanos en\ncoordinaci\u00f3n interinstitucional continuar\u00e1 gestionando acciones inmediatas para\nprevenir y erradicar la violencia.<\/p>\n","protected":false},"excerpt":{"rendered":"<p class=\"excerpt\">La Secretaria de Derechos Humanos, Bernarda Ord\u00f3\u00f1ez Moscoso, lider\u00f3 una mesa de trabajo con autoridades de las instituciones del Gobierno del Encuentro, para planificar las \u201cJornadas en contra de la Violencia contra las Mujeres\u201d . Esta actividad se realizar\u00e1 en el marco del 25 de noviembre, D\u00eda Internacional de la Erradicaci\u00f3n de la Violencia contra las Mujeres y se espera&hellip; <a href=\"https:\/\/www.ministeriodegobierno.gob.ec\/derechoshumanos\/2021\/08\/05\/la-secretaria-de-derechos-humanos-plantea-las-jornadas-en-contra-de-la-violencia-hacia-las-mujeres-con-todas-las-instituciones-del-gobierno-del-encuentro\/\">Read more &rarr;<\/a><\/p>\n","protected":false},"author":6,"featured_media":9921,"comment_status":"closed","ping_status":"closed","sticky":false,"template":"","format":"standard","meta":{"footnotes":""},"categories":[20,5,6],"tags":[],"class_list":["post-9920","post","type-post","status-publish","format-standard","has-post-thumbnail","hentry","category-boletin-de-prensa","category-noticias","category-noticias-destacadas","xfolkentry"],"_links":{"self":[{"href":"https:\/\/www.ministeriodegobierno.gob.ec\/derechoshumanos\/wp-json\/wp\/v2\/posts\/9920","targetHints":{"allow":["GET"]}}],"collection":[{"href":"https:\/\/www.ministeriodegobierno.gob.ec\/derechoshumanos\/wp-json\/wp\/v2\/posts"}],"about":[{"href":"https:\/\/www.ministeriodegobierno.gob.ec\/derechoshumanos\/wp-json\/wp\/v2\/types\/post"}],"author":[{"embeddable":true,"href":"https:\/\/www.ministeriodegobierno.gob.ec\/derechoshumanos\/wp-json\/wp\/v2\/users\/6"}],"replies":[{"embeddable":true,"href":"https:\/\/www.ministeriodegobierno.gob.ec\/derechoshumanos\/wp-json\/wp\/v2\/comments?post=9920"}],"version-history":[{"count":1,"href":"https:\/\/www.ministeriodegobierno.gob.ec\/derechoshumanos\/wp-json\/wp\/v2\/posts\/9920\/revisions"}],"predecessor-version":[{"id":9922,"href":"https:\/\/www.ministeriodegobierno.gob.ec\/derechoshumanos\/wp-json\/wp\/v2\/posts\/9920\/revisions\/9922"}],"wp:featuredmedia":[{"embeddable":true,"href":"https:\/\/www.ministeriodegobierno.gob.ec\/derechoshumanos\/wp-json\/wp\/v2\/media\/9921"}],"wp:attachment":[{"href":"https:\/\/www.ministeriodegobierno.gob.ec\/derechoshumanos\/wp-json\/wp\/v2\/media?parent=9920"}],"wp:term":[{"taxonomy":"category","embeddable":true,"href":"https:\/\/www.ministeriodegobierno.gob.ec\/derechoshumanos\/wp-json\/wp\/v2\/categories?post=9920"},{"taxonomy":"post_tag","embeddable":true,"href":"https:\/\/www.ministeriodegobierno.gob.ec\/derechoshumanos\/wp-json\/wp\/v2\/tags?post=9920"}],"curies":[{"name":"wp","href":"https:\/\/api.w.org\/{rel}","templated":true}]}}