{"id":9924,"date":"2021-08-06T18:36:00","date_gmt":"2021-08-06T23:36:00","guid":{"rendered":"https:\/\/www.derechoshumanos.gob.ec\/?p=9924"},"modified":"2021-08-06T18:39:44","modified_gmt":"2021-08-06T23:39:44","slug":"secretaria-bernarda-ordonez-moscoso-cumplio-agenda-en-cuenca-junto-al-presidente-guillermo-lasso","status":"publish","type":"post","link":"https:\/\/www.ministeriodegobierno.gob.ec\/derechoshumanos\/2021\/08\/06\/secretaria-bernarda-ordonez-moscoso-cumplio-agenda-en-cuenca-junto-al-presidente-guillermo-lasso\/","title":{"rendered":"SECRETARIA BERNARDA ORD\u00d3\u00d1EZ MOSCOSO CUMPLI\u00d3 AGENDA EN CUENCA JUNTO AL  PRESIDENTE GUILLERMO LASSO"},"content":{"rendered":"\n<p class=\"wp-block-paragraph\"> La Secretaria de Derechos Humanos, Bernarda Ord\u00f3\u00f1ez Moscoso, cumpli\u00f3 agenda este viernes  6 de agosto, junto al Presidente Guillermo Lasso y otras autoridades del Gobierno del  Encuentro, en las provincias de Ca\u00f1ar y Azuay. <\/p>\n\n\n\n<p class=\"wp-block-paragraph\"> En Bibli\u00e1n, la Secretaria Ordo\u00f1ez Moscoso asisti\u00f3 al evento del inicio de las obras de  mantenimiento de las carreteras E40 Zhud-Bibli\u00e1n, E35 Zhud-Angas, E40 Zhud-Cochancay-El  Triunfo, E58 Troncal-Puerto Inca, con una longitud total de 192.79 kil\u00f3metros. <\/p>\n\n\n\n<p class=\"wp-block-paragraph\"> El presidente Guillermo Lasso se\u00f1al\u00f3 que en este Eje Vial se invertir\u00e1n USD 22 millones,  mediante un convenio con el Banco de Desarrollo de Am\u00e9rica Latina &#8211; CAF y se beneficiar\u00e1 a  1.2 millones de ecuatorianos. <\/p>\n\n\n\n<p class=\"wp-block-paragraph\"> Este proyecto es parte de un listado de inversiones para carreteras, puertos y aeropuertos del  pa\u00eds por cerca de USD 5.000 millones de d\u00f3lares. <\/p>\n\n\n\n<p class=\"wp-block-paragraph\"> Ya en la tarde, la Secretaria Ord\u00f3\u00f1ez Moscoso particip\u00f3 de la reuni\u00f3n del Comit\u00e9 Intersectorial  para la implementaci\u00f3n de la Estrategia \u201cEcuador crece sin desnutrici\u00f3n\u201d, que se instal\u00f3 en el  ECU 911, del Austro. <\/p>\n\n\n\n<p class=\"wp-block-paragraph\"> El Gobierno del Encuentro, del presidente Lasso, prioriza la lucha contra la desnutrici\u00f3n  cr\u00f3nica infantil (DCI) en el Ecuador. El Comit\u00e9 Intersectorial para la Estrategia Ecuador  Crece sin Desnutrici\u00f3n Infantil tiene la finalidad de articular y revisar de manera  permanente la ejecuci\u00f3n de acciones emprendidas como parte de la estrategia, con las  diferentes Carteras de Estado y dar seguimiento al status de los programas y proyectos  para prevenir y reducir la DCI dentro de los primeros 1000 d\u00edas de vida. <\/p>\n\n\n\n<p class=\"wp-block-paragraph\"> En Ecuador, el 23% de ni\u00f1as y ni\u00f1os menores de 5 a\u00f1os y, el 27,17% de ni\u00f1os y ni\u00f1as  menores de 2 a\u00f1os, tienen desnutrici\u00f3n cr\u00f3nica infantil, seg\u00fan cifras del Instituto  Nacional de Estad\u00edsticas y Censos (INEC). <\/p>\n\n\n\n<p class=\"wp-block-paragraph\"> La Secretar\u00eda de Derechos Humanos ratifica su compromiso por articular pol\u00edticas  p\u00fablicas que garanticen los derechos de todos los ecuatorianos. <\/p>\n\n\n\n<p class=\"wp-block-paragraph\"> Para mayor informaci\u00f3n:  <\/p>\n\n\n\n<p class=\"wp-block-paragraph\"><strong>DIRECCI\u00d3N DE COMUNICACI\u00d3N SOCIAL <\/strong><\/p>\n","protected":false},"excerpt":{"rendered":"<p class=\"excerpt\">La Secretaria de Derechos Humanos, Bernarda Ord\u00f3\u00f1ez Moscoso, cumpli\u00f3 agenda este viernes 6 de agosto, junto al Presidente Guillermo Lasso y otras autoridades del Gobierno del Encuentro, en las provincias de Ca\u00f1ar y Azuay. En Bibli\u00e1n, la Secretaria Ordo\u00f1ez Moscoso asisti\u00f3 al evento del inicio de las obras de mantenimiento de las carreteras E40 Zhud-Bibli\u00e1n, E35 Zhud-Angas, E40 Zhud-Cochancay-El Triunfo,&hellip; <a href=\"https:\/\/www.ministeriodegobierno.gob.ec\/derechoshumanos\/2021\/08\/06\/secretaria-bernarda-ordonez-moscoso-cumplio-agenda-en-cuenca-junto-al-presidente-guillermo-lasso\/\">Read more &rarr;<\/a><\/p>\n","protected":false},"author":8,"featured_media":0,"comment_status":"closed","ping_status":"closed","sticky":false,"template":"","format":"standard","meta":{"footnotes":""},"categories":[20,5,6],"tags":[],"class_list":["post-9924","post","type-post","status-publish","format-standard","hentry","category-boletin-de-prensa","category-noticias","category-noticias-destacadas","xfolkentry"],"_links":{"self":[{"href":"https:\/\/www.ministeriodegobierno.gob.ec\/derechoshumanos\/wp-json\/wp\/v2\/posts\/9924","targetHints":{"allow":["GET"]}}],"collection":[{"href":"https:\/\/www.ministeriodegobierno.gob.ec\/derechoshumanos\/wp-json\/wp\/v2\/posts"}],"about":[{"href":"https:\/\/www.ministeriodegobierno.gob.ec\/derechoshumanos\/wp-json\/wp\/v2\/types\/post"}],"author":[{"embeddable":true,"href":"https:\/\/www.ministeriodegobierno.gob.ec\/derechoshumanos\/wp-json\/wp\/v2\/users\/8"}],"replies":[{"embeddable":true,"href":"https:\/\/www.ministeriodegobierno.gob.ec\/derechoshumanos\/wp-json\/wp\/v2\/comments?post=9924"}],"version-history":[{"count":2,"href":"https:\/\/www.ministeriodegobierno.gob.ec\/derechoshumanos\/wp-json\/wp\/v2\/posts\/9924\/revisions"}],"predecessor-version":[{"id":9927,"href":"https:\/\/www.ministeriodegobierno.gob.ec\/derechoshumanos\/wp-json\/wp\/v2\/posts\/9924\/revisions\/9927"}],"wp:attachment":[{"href":"https:\/\/www.ministeriodegobierno.gob.ec\/derechoshumanos\/wp-json\/wp\/v2\/media?parent=9924"}],"wp:term":[{"taxonomy":"category","embeddable":true,"href":"https:\/\/www.ministeriodegobierno.gob.ec\/derechoshumanos\/wp-json\/wp\/v2\/categories?post=9924"},{"taxonomy":"post_tag","embeddable":true,"href":"https:\/\/www.ministeriodegobierno.gob.ec\/derechoshumanos\/wp-json\/wp\/v2\/tags?post=9924"}],"curies":[{"name":"wp","href":"https:\/\/api.w.org\/{rel}","templated":true}]}}