{"id":9928,"date":"2021-08-06T18:48:44","date_gmt":"2021-08-06T23:48:44","guid":{"rendered":"https:\/\/www.derechoshumanos.gob.ec\/?p=9928"},"modified":"2021-08-06T18:49:37","modified_gmt":"2021-08-06T23:49:37","slug":"__trashed","status":"publish","type":"post","link":"https:\/\/www.ministeriodegobierno.gob.ec\/derechoshumanos\/2021\/08\/06\/__trashed\/","title":{"rendered":"La Secretar\u00eda de Derechos Humanos imparti\u00f3 taller de capacitaci\u00f3n sobre el reglamento para el registro de Organizaciones Religiosas, de Nacionalidades y de Pueblos"},"content":{"rendered":"\n<p class=\"wp-block-paragraph\">La Secretar\u00eda de Derechos Humanos,\nmediante Decreto Ejecutivo N\u00b0 718, asumi\u00f3 la competencia para registrar y legalizar\na las Organizaciones de Nacionalidades, Pueblos y Organizaciones Religiosas de\ncreencia y de conciencia. <\/p>\n\n\n\n<p class=\"wp-block-paragraph\">Por\nesta raz\u00f3n, a trav\u00e9s\nde la Subsecretar\u00eda de Nacionalidades, Pueblos y Movimientos Sociales, este 06\nde agosto, se realiz\u00f3 el taller de capacitaci\u00f3n sobre el reglamento para el\nregistro de estas organizaciones. En el encuentro, que se transmiti\u00f3 mediante\nFacebook Live, participaron m\u00e1s de 200 personas. <\/p>\n\n\n\n<p class=\"wp-block-paragraph\">El taller estuvo presidido por la\nSubsecretar\u00eda de Nacionalidades, Pueblos y Movimientos Sociales, Samia M\u00e1rmol, quien\ndio la bienvenida a los asistentes. \u201cLa Secretar\u00eda de Derechos Humanos, como\nente rector de pol\u00edticas p\u00fablicas en materia de Derechos Humanos, garantiza el\ncumplimiento del derecho de libertad de asociaci\u00f3n, reconocida en instrumentos\ninternacionales y nuestro ordenamiento jur\u00eddico\u201d, dijo.<\/p>\n\n\n\n<p class=\"wp-block-paragraph\">La Subsecretaria M\u00e1rmol record\u00f3\nque esta Instituci\u00f3n tiene como objetivo el \u201cfortalecimiento del tejido social\nen la construcci\u00f3n del Estado Plurinacional y la Sociedad Intercultural\u201d,\nagreg\u00f3. <\/p>\n\n\n\n<p class=\"wp-block-paragraph\">En este sentido, desde la\nSubsecretar\u00eda de Nacionalidades, Pueblos y Movimientos Sociales se realiza un\n\u201cacompa\u00f1amiento y socializaci\u00f3n para el reconocimiento de la capacidad\norganizativa\u201d de estas organizaciones.&nbsp; <\/p>\n\n\n\n<p class=\"wp-block-paragraph\">Alexander Guano, Director de\nRegistro de Nacionalidades Pueblos y Organizaciones Religiosas, imparti\u00f3 la\ncapacitaci\u00f3n. <\/p>\n\n\n\n<p class=\"wp-block-paragraph\">El objetivo fue informar a las personas\ninteresadas en el tr\u00e1mite para constituir,\naprobar, reformar y codificar estatutos, disolver, liquidar, registrar\ndirectivas y dem\u00e1s actos relacionados con la vida jur\u00eddica de\nOrganizaciones de Nacionalidades, Pueblos y Organizaciones Religiosas para que se ajusten a la normativa y\nfortalezcan su funcionamiento.<\/p>\n\n\n\n<p class=\"wp-block-paragraph\">Los tr\u00e1mites que se pueden realizar son: Otorgamiento de la personalidad jur\u00eddica, Reforma del\nestatuto, Registro directiva,\nInclusi\u00f3n y\/o exclusi\u00f3n de miembros, Disoluci\u00f3n y liquidaci\u00f3n, as\u00ed como, la certificaci\u00f3n de existencia\nlegal.<\/p>\n\n\n\n<p class=\"wp-block-paragraph\"><strong>Los\nmecanismos de registro<\/strong><\/p>\n\n\n\n<p class=\"wp-block-paragraph\"><strong>Presencial.\n<\/strong>El ingreso de\ntr\u00e1mites de los distintos actos jur\u00eddicos de legalizaci\u00f3n para organizaciones\nde nacionalidades, pueblos y organizaciones religiosas se puede realizar en las\noficinas de la Secretar\u00eda de Derechos Humanos, ubicada en Quito, en la calle\nRobles OE-33 entre 9 de Octubre y P\u00e1ez en Quito. De lunes a viernes de 8h30 a\n17h30.<\/p>\n\n\n\n<p class=\"wp-block-paragraph\"><strong>Virtual.\n<\/strong>Para conocer el\nestado de un tr\u00e1mite o si necesita asesor\u00eda sobre el mismo puede escribir a\ndireccionderegistro@derechoshumanos.gob.ec<\/p>\n\n\n\n<ul class=\"wp-block-list\"><li><strong>Ventanilla virtual<\/strong> : <a href=\"mailto:gestion.documental@derechoshumanos.gob.ec\">gestion.documental@derechoshumanos.gob.ec<\/a> <\/li><\/ul>\n\n\n\n<ul class=\"wp-block-list\"><li><strong>P\u00e1gina<\/strong><strong> web:<\/strong> <a href=\"http:\/\/www.ministeriodegobierno.gob.ec\/derechoshumanos\">www.ministeriodegobierno.gob.ec\/derechoshumanos<\/a><\/li><\/ul>\n\n\n\n<ul class=\"wp-block-list\"><li><strong>Agendamiento\nde citas e inquietudes:<\/strong> <a href=\"mailto:direccionderegistro@derechoshumanos.gob.ec\">direccionderegistro@derechoshumanos.gob.ec<\/a> o\nacercarse a las oficinas en Quito en la Direcci\u00f3n de Registro de Organizaciones de\nNacionalidades, Pueblos y Organizaciones Religiosas ubicada en la calle Jorge\nWashington y Ulpiano P\u00e1ez, de lunes a viernes de 8h30 a 17h30.<\/li><\/ul>\n\n\n\n<p class=\"wp-block-paragraph\">De\nesta manera, la Secretar\u00eda de Derechos Humanos garantiza un servicio oportuno,\neficiente y de calidad.<\/p>\n\n\n\n<p class=\"wp-block-paragraph\">Tome en cuenta todas las medidas de bioseguridad para acceder\na nuestros servicios. El uso de mascarilla es obligatorio ya que de esta manera\nnos protegemos todos.<\/p>\n\n\n\n<p class=\"wp-block-paragraph\"><strong>Para mayor informaci\u00f3n:<\/strong><\/p>\n\n\n\n<p class=\"wp-block-paragraph\"><strong>DIRECCI\u00d3N DE COMUNICACI\u00d3N SOCIAL<\/strong><\/p>\n","protected":false},"excerpt":{"rendered":"<p class=\"excerpt\">La Secretar\u00eda de Derechos Humanos, mediante Decreto Ejecutivo N\u00b0 718, asumi\u00f3 la competencia para registrar y legalizar a las Organizaciones de Nacionalidades, Pueblos y Organizaciones Religiosas de creencia y de conciencia. Por esta raz\u00f3n, a trav\u00e9s de la Subsecretar\u00eda de Nacionalidades, Pueblos y Movimientos Sociales, este 06 de agosto, se realiz\u00f3 el taller de capacitaci\u00f3n sobre el reglamento para el&hellip; <a href=\"https:\/\/www.ministeriodegobierno.gob.ec\/derechoshumanos\/2021\/08\/06\/__trashed\/\">Read more &rarr;<\/a><\/p>\n","protected":false},"author":8,"featured_media":9930,"comment_status":"closed","ping_status":"closed","sticky":false,"template":"","format":"standard","meta":{"footnotes":""},"categories":[20,5,6],"tags":[],"class_list":["post-9928","post","type-post","status-publish","format-standard","has-post-thumbnail","hentry","category-boletin-de-prensa","category-noticias","category-noticias-destacadas","xfolkentry"],"_links":{"self":[{"href":"https:\/\/www.ministeriodegobierno.gob.ec\/derechoshumanos\/wp-json\/wp\/v2\/posts\/9928","targetHints":{"allow":["GET"]}}],"collection":[{"href":"https:\/\/www.ministeriodegobierno.gob.ec\/derechoshumanos\/wp-json\/wp\/v2\/posts"}],"about":[{"href":"https:\/\/www.ministeriodegobierno.gob.ec\/derechoshumanos\/wp-json\/wp\/v2\/types\/post"}],"author":[{"embeddable":true,"href":"https:\/\/www.ministeriodegobierno.gob.ec\/derechoshumanos\/wp-json\/wp\/v2\/users\/8"}],"replies":[{"embeddable":true,"href":"https:\/\/www.ministeriodegobierno.gob.ec\/derechoshumanos\/wp-json\/wp\/v2\/comments?post=9928"}],"version-history":[{"count":1,"href":"https:\/\/www.ministeriodegobierno.gob.ec\/derechoshumanos\/wp-json\/wp\/v2\/posts\/9928\/revisions"}],"predecessor-version":[{"id":9929,"href":"https:\/\/www.ministeriodegobierno.gob.ec\/derechoshumanos\/wp-json\/wp\/v2\/posts\/9928\/revisions\/9929"}],"wp:featuredmedia":[{"embeddable":true,"href":"https:\/\/www.ministeriodegobierno.gob.ec\/derechoshumanos\/wp-json\/wp\/v2\/media\/9930"}],"wp:attachment":[{"href":"https:\/\/www.ministeriodegobierno.gob.ec\/derechoshumanos\/wp-json\/wp\/v2\/media?parent=9928"}],"wp:term":[{"taxonomy":"category","embeddable":true,"href":"https:\/\/www.ministeriodegobierno.gob.ec\/derechoshumanos\/wp-json\/wp\/v2\/categories?post=9928"},{"taxonomy":"post_tag","embeddable":true,"href":"https:\/\/www.ministeriodegobierno.gob.ec\/derechoshumanos\/wp-json\/wp\/v2\/tags?post=9928"}],"curies":[{"name":"wp","href":"https:\/\/api.w.org\/{rel}","templated":true}]}}