{"id":9931,"date":"2021-08-12T08:15:51","date_gmt":"2021-08-12T13:15:51","guid":{"rendered":"https:\/\/www.derechoshumanos.gob.ec\/?p=9931"},"modified":"2021-08-12T14:16:50","modified_gmt":"2021-08-12T19:16:50","slug":"ecuador-construye-la-estrategia-nacional-para-prevenir-y-erradicar-la-violencia-sexual-en-las-aulas","status":"publish","type":"post","link":"https:\/\/www.ministeriodegobierno.gob.ec\/derechoshumanos\/2021\/08\/12\/ecuador-construye-la-estrategia-nacional-para-prevenir-y-erradicar-la-violencia-sexual-en-las-aulas\/","title":{"rendered":"ECUADOR CONSTRUYE LA ESTRATEGIA NACIONAL PARA PREVENIR Y ERRADICAR LA VIOLENCIA SEXUAL EN LAS AULAS"},"content":{"rendered":"\n<p class=\"wp-block-paragraph\"><\/p>\n\n\n\n<p class=\"wp-block-paragraph\">El 14 de agosto del 2021\nse conmemora por primera vez en el Ecuador el \u201cD\u00eda Oficial de Lucha Contra la\nViolencia Sexual en las Aulas\u201d; fecha que se declar\u00f3 en diciembre del a\u00f1o\npasado en cumplimiento a la sentencia de la Corte\nInteramericana de Derechos Humanos (Corte IDH) en el caso Guzm\u00e1n Albarrac\u00edn vs.\nEcuador.<\/p>\n\n\n\n<p class=\"wp-block-paragraph\">Como parte de las\nmedidas de reparaci\u00f3n impuestas por la Corte IDH tambi\u00e9n se determin\u00f3 que el Estado ecuatoriano\nidentificar\u00e1 y adoptar\u00e1 acciones para tratar la violencia sexual en el \u00e1mbito\neducativo para reconocer y crear conciencia en el Sistema Educativo Nacional,\nEstado y sociedad sobre la gravedad de la violencia sexual contra ni\u00f1os, ni\u00f1as\ny adolescentes.<\/p>\n\n\n\n<p class=\"wp-block-paragraph\">En ese contexto, se conform\u00f3 la Mesa\nInterinstitucional para construcci\u00f3n de una pol\u00edtica p\u00fablica integral, la cual est\u00e1 conformada por la Secretar\u00eda\nde Derechos Humanos, el Ministerio de Educaci\u00f3n, el Ministerio de Salud\nP\u00fablica, la Fiscal\u00eda General del Estado, el Consejo de la Judicatura, el\nConsejo Nacional para la Igualdad Intergeneracional y el Consejo Nacional para la\nIgualdad de G\u00e9nero. A partir del 13 de agosto del presente a\u00f1o se suman la\nCorte Nacional de Justicia y el Ministerio de Inclusi\u00f3n Econ\u00f3mica y Social. <\/p>\n\n\n\n<p class=\"wp-block-paragraph\">Mediante coordinaci\u00f3n interinstitucional se han realizado 30 reuniones de\ntrabajo, talleres y debates, as\u00ed como la elaboraci\u00f3n de 3 informes de avances\ndel cumplimiento de la sentencia y, adem\u00e1s, se avanza en la construcci\u00f3n de la\nEstrategia Nacional para la Prevenci\u00f3n y Erradicaci\u00f3n de la Violencia Sexual en\nel \u00c1mbito Educativo 2021-2025.<\/p>\n\n\n\n<p class=\"wp-block-paragraph\">En este marco la\nSecretar\u00eda de Derechos Humanos, como ente coordinador del cumplimiento de la\nsentencia de este caso; invita al acto por el \u201cD\u00eda Oficial de Lucha Contra la\nViolencia Sexual en las Aulas\u201d, que se realizar\u00e1 en Guayaquil (Parque Samanes),\neste viernes 13 de agosto a las 10h30.<\/p>\n\n\n\n<p class=\"wp-block-paragraph\">En este acto se\npresentar\u00e1 el compromiso del Estado ecuatoriano para la construcci\u00f3n de la\nEstrategia Nacional.<\/p>\n","protected":false},"excerpt":{"rendered":"<p class=\"excerpt\">El 14 de agosto del 2021 se conmemora por primera vez en el Ecuador el \u201cD\u00eda Oficial de Lucha Contra la Violencia Sexual en las Aulas\u201d; fecha que se declar\u00f3 en diciembre del a\u00f1o pasado en cumplimiento a la sentencia de la Corte Interamericana de Derechos Humanos (Corte IDH) en el caso Guzm\u00e1n Albarrac\u00edn vs. Ecuador. Como parte de las&hellip; <a href=\"https:\/\/www.ministeriodegobierno.gob.ec\/derechoshumanos\/2021\/08\/12\/ecuador-construye-la-estrategia-nacional-para-prevenir-y-erradicar-la-violencia-sexual-en-las-aulas\/\">Read more &rarr;<\/a><\/p>\n","protected":false},"author":6,"featured_media":0,"comment_status":"closed","ping_status":"closed","sticky":false,"template":"","format":"standard","meta":{"footnotes":""},"categories":[20,5,6],"tags":[],"class_list":["post-9931","post","type-post","status-publish","format-standard","hentry","category-boletin-de-prensa","category-noticias","category-noticias-destacadas","xfolkentry"],"_links":{"self":[{"href":"https:\/\/www.ministeriodegobierno.gob.ec\/derechoshumanos\/wp-json\/wp\/v2\/posts\/9931","targetHints":{"allow":["GET"]}}],"collection":[{"href":"https:\/\/www.ministeriodegobierno.gob.ec\/derechoshumanos\/wp-json\/wp\/v2\/posts"}],"about":[{"href":"https:\/\/www.ministeriodegobierno.gob.ec\/derechoshumanos\/wp-json\/wp\/v2\/types\/post"}],"author":[{"embeddable":true,"href":"https:\/\/www.ministeriodegobierno.gob.ec\/derechoshumanos\/wp-json\/wp\/v2\/users\/6"}],"replies":[{"embeddable":true,"href":"https:\/\/www.ministeriodegobierno.gob.ec\/derechoshumanos\/wp-json\/wp\/v2\/comments?post=9931"}],"version-history":[{"count":2,"href":"https:\/\/www.ministeriodegobierno.gob.ec\/derechoshumanos\/wp-json\/wp\/v2\/posts\/9931\/revisions"}],"predecessor-version":[{"id":9935,"href":"https:\/\/www.ministeriodegobierno.gob.ec\/derechoshumanos\/wp-json\/wp\/v2\/posts\/9931\/revisions\/9935"}],"wp:attachment":[{"href":"https:\/\/www.ministeriodegobierno.gob.ec\/derechoshumanos\/wp-json\/wp\/v2\/media?parent=9931"}],"wp:term":[{"taxonomy":"category","embeddable":true,"href":"https:\/\/www.ministeriodegobierno.gob.ec\/derechoshumanos\/wp-json\/wp\/v2\/categories?post=9931"},{"taxonomy":"post_tag","embeddable":true,"href":"https:\/\/www.ministeriodegobierno.gob.ec\/derechoshumanos\/wp-json\/wp\/v2\/tags?post=9931"}],"curies":[{"name":"wp","href":"https:\/\/api.w.org\/{rel}","templated":true}]}}