{"id":9956,"date":"2021-08-19T12:54:36","date_gmt":"2021-08-19T17:54:36","guid":{"rendered":"https:\/\/www.derechoshumanos.gob.ec\/?p=9956"},"modified":"2021-08-19T13:02:56","modified_gmt":"2021-08-19T18:02:56","slug":"ecuador-se-une-al-pacto-por-las-mujeres-y-ninas-en-afganistan","status":"publish","type":"post","link":"https:\/\/www.ministeriodegobierno.gob.ec\/derechoshumanos\/2021\/08\/19\/ecuador-se-une-al-pacto-por-las-mujeres-y-ninas-en-afganistan\/","title":{"rendered":"ECUADOR SE UNE AL PACTO POR LAS MUJERES Y NI\u00d1AS EN AFGANIST\u00c1N"},"content":{"rendered":"\n<p class=\"wp-block-paragraph\"><\/p>\n\n\n\n<p class=\"wp-block-paragraph\">El Gobierno del Ecuador firm\u00f3 junto a 19 pa\u00edses y la Uni\u00f3n Europea una Declaraci\u00f3n Conjunta en favor de la no discriminaci\u00f3n y abuso contra las mujeres y ni\u00f1as en Afganist\u00e1n.<\/p>\n\n\n\n<p class=\"wp-block-paragraph\">La declaraci\u00f3n enfatiza, \u201cEstamos profundamente preocupados por las mujeres y ni\u00f1as afganas, sus derechos a la educaci\u00f3n, el trabajo y la libertad de movimiento. Hacemos un llamado a quienes ocupan posiciones de poder y autoridad en todo Afganist\u00e1n para que garanticen su protecci\u00f3n\u201d.<\/p>\n\n\n\n<p class=\"wp-block-paragraph\">En el documento se indica que las mujeres y ni\u00f1as afganas, como todo el pueblo afgano, merecen vivir en condiciones de seguridad y dignidad. \u201cDebe evitarse cualquier forma de discriminaci\u00f3n y abuso. En la comunidad internacional estamos dispuestos a entregar ayuda y apoyo humanitario, para asegurarnos que se escuche su voz\u201d.<\/p>\n\n\n\n<p class=\"wp-block-paragraph\">Al respecto, la secretaria de Derechos Humanos, Bernarda Ordo\u00f1ez Moscoso manifest\u00f3, \u00abcomo comunidad internacional tenemos la obligaci\u00f3n de posicionar una \u201c\u00e9tica de la no violencia\u201d fundamentada en un principio de interdependencia comunitaria donde el \u201cbien estar\u201d de las mujeres sea considerado parte vital del \u201cbien estar\u201d de la humanidad\u00bb.<\/p>\n\n\n\n<p class=\"wp-block-paragraph\">El Ecuador junto a los dem\u00e1s pa\u00edses firmantes vigilar\u00e1n de cerca c\u00f3mo cualquier gobierno futuro garantiza los derechos y libertades que se han convertido en una parte integral de la vida de las mujeres y ni\u00f1as en Afganist\u00e1n durante los \u00faltimos veinte a\u00f1os.<\/p>\n\n\n\n<p class=\"wp-block-paragraph\">Para el presidente de la Rep\u00fablica, Guillermo Lasso, en momentos como \u00e9ste, debemos extender nuestra colaboraci\u00f3n para sostener valores universales como la solidaridad, los derechos humanos, especialmente de mujeres, ni\u00f1os y personas en vulnerabilidad, as\u00ed como las libertades individuales fundamentales.<\/p>\n\n\n\n<p class=\"wp-block-paragraph\">Forman parte de la declaraci\u00f3n los pa\u00edses: Albania, Argentina, Australia, Brasil, Canad\u00e1, Chile, Colombia, Costa Rica, Ecuador, El Salvador, Estados Unidos, Guatemala, Honduras, Macedonia del Norte, Noruega, Nueva Zelandia, Paraguay, Reino Unido, Senegal, Suiza y la Uni\u00f3n Europea.<\/p>\n\n\n\n<p class=\"wp-block-paragraph\">El Departamento de Estado de los Estados Unidos public\u00f3 la declaraci\u00f3n aqu\u00ed:<\/p>\n\n\n\n<p class=\"wp-block-paragraph\">https:\/\/www.state.gov\/joint-statement-on-the-situation-of-women-and-girls-in- afghanistan\/<\/p>\n","protected":false},"excerpt":{"rendered":"<p class=\"excerpt\">El Gobierno del Ecuador firm\u00f3 junto a 19 pa\u00edses y la Uni\u00f3n Europea una Declaraci\u00f3n Conjunta en favor de la no discriminaci\u00f3n y abuso contra las mujeres y ni\u00f1as en Afganist\u00e1n. La declaraci\u00f3n enfatiza, \u201cEstamos profundamente preocupados por las mujeres y ni\u00f1as afganas, sus derechos a la educaci\u00f3n, el trabajo y la libertad de movimiento. Hacemos un llamado a quienes&hellip; <a href=\"https:\/\/www.ministeriodegobierno.gob.ec\/derechoshumanos\/2021\/08\/19\/ecuador-se-une-al-pacto-por-las-mujeres-y-ninas-en-afganistan\/\">Read more &rarr;<\/a><\/p>\n","protected":false},"author":6,"featured_media":9958,"comment_status":"closed","ping_status":"closed","sticky":false,"template":"","format":"standard","meta":{"footnotes":""},"categories":[20,5,6],"tags":[],"class_list":["post-9956","post","type-post","status-publish","format-standard","has-post-thumbnail","hentry","category-boletin-de-prensa","category-noticias","category-noticias-destacadas","xfolkentry"],"_links":{"self":[{"href":"https:\/\/www.ministeriodegobierno.gob.ec\/derechoshumanos\/wp-json\/wp\/v2\/posts\/9956","targetHints":{"allow":["GET"]}}],"collection":[{"href":"https:\/\/www.ministeriodegobierno.gob.ec\/derechoshumanos\/wp-json\/wp\/v2\/posts"}],"about":[{"href":"https:\/\/www.ministeriodegobierno.gob.ec\/derechoshumanos\/wp-json\/wp\/v2\/types\/post"}],"author":[{"embeddable":true,"href":"https:\/\/www.ministeriodegobierno.gob.ec\/derechoshumanos\/wp-json\/wp\/v2\/users\/6"}],"replies":[{"embeddable":true,"href":"https:\/\/www.ministeriodegobierno.gob.ec\/derechoshumanos\/wp-json\/wp\/v2\/comments?post=9956"}],"version-history":[{"count":1,"href":"https:\/\/www.ministeriodegobierno.gob.ec\/derechoshumanos\/wp-json\/wp\/v2\/posts\/9956\/revisions"}],"predecessor-version":[{"id":9957,"href":"https:\/\/www.ministeriodegobierno.gob.ec\/derechoshumanos\/wp-json\/wp\/v2\/posts\/9956\/revisions\/9957"}],"wp:featuredmedia":[{"embeddable":true,"href":"https:\/\/www.ministeriodegobierno.gob.ec\/derechoshumanos\/wp-json\/wp\/v2\/media\/9958"}],"wp:attachment":[{"href":"https:\/\/www.ministeriodegobierno.gob.ec\/derechoshumanos\/wp-json\/wp\/v2\/media?parent=9956"}],"wp:term":[{"taxonomy":"category","embeddable":true,"href":"https:\/\/www.ministeriodegobierno.gob.ec\/derechoshumanos\/wp-json\/wp\/v2\/categories?post=9956"},{"taxonomy":"post_tag","embeddable":true,"href":"https:\/\/www.ministeriodegobierno.gob.ec\/derechoshumanos\/wp-json\/wp\/v2\/tags?post=9956"}],"curies":[{"name":"wp","href":"https:\/\/api.w.org\/{rel}","templated":true}]}}