{"id":9963,"date":"2021-08-19T16:55:45","date_gmt":"2021-08-19T21:55:45","guid":{"rendered":"https:\/\/www.derechoshumanos.gob.ec\/?p=9963"},"modified":"2021-08-19T16:55:46","modified_gmt":"2021-08-19T21:55:46","slug":"la-secretaria-de-derechos-humanos-capacita-a-los-actores-del-sistema-local-de-proteccion-de-derechos-en-espindola","status":"publish","type":"post","link":"https:\/\/www.ministeriodegobierno.gob.ec\/derechoshumanos\/2021\/08\/19\/la-secretaria-de-derechos-humanos-capacita-a-los-actores-del-sistema-local-de-proteccion-de-derechos-en-espindola\/","title":{"rendered":"La Secretar\u00eda de Derechos Humanos capacita a los actores del Sistema Local de Protecci\u00f3n de Derechos en Esp\u00edndola"},"content":{"rendered":"\n<p class=\"wp-block-paragraph\"><\/p>\n\n\n\n<p class=\"wp-block-paragraph\"><strong>Esp\u00edndola, Loja.<\/strong>&#8211; La Secretar\u00eda de Derechos Humanos (SDH) a trav\u00e9s de la Oficina T\u00e9cnica 7, capacit\u00f3 a actores del Sistema Local de Protecci\u00f3n de Derechos y sociedad civil del cant\u00f3n Esp\u00edndola, provincia de Loja; con el objetivo de fortalecer los conocimientos en temas de prevenci\u00f3n y denuncia ante casos de violencia contra las mujeres.<\/p>\n\n\n\n<p class=\"wp-block-paragraph\">La capacitaci\u00f3n estuvo a cargo del equipo especializado en derecho y psicolog\u00eda de la SDH, quienes abordaron tem\u00e1ticas como primeros auxilios psicol\u00f3gicos, rutas de atenci\u00f3n para v\u00edctimas de violencia, socializaci\u00f3n de la Ley Org\u00e1nica Integral para Prevenir y Erradicar la Violencia contra las Mujeres (LOIPEVM) y su Reglamento, y se inform\u00f3 sobre las atribuciones y servicios que brinda esta cartera de Estado.<\/p>\n\n\n\n<p class=\"wp-block-paragraph\">Adem\u00e1s, se socializ\u00f3 sobre el Servicio de Protecci\u00f3n Integral (SPI) cuya funci\u00f3n esencial es la prevenci\u00f3n, protecci\u00f3n y atenci\u00f3n ni\u00f1as, ni\u00f1os, adolescentes, mujeres, adultos mayores, personas con discapacidad y en&nbsp;situaci\u00f3n de movilidad humana; quienes son sobrevivientes de violencia, para lo cual un equipo t\u00e9cnico de psic\u00f3logas, trabajadoras sociales y abogados se encarga de brindar una respuesta oportuna.<\/p>\n\n\n\n<p class=\"wp-block-paragraph\">En la capacitaci\u00f3n se cont\u00f3 con la participaci\u00f3n de 25 asistentes entre Tenientes y Jefes Pol\u00edticos, Comisarios, miembros de la Polic\u00eda Nacional e integrantes de los Comit\u00e9s de Veedur\u00eda y Vigilancia.<\/p>\n\n\n\n<p class=\"wp-block-paragraph\">Rosa Castillo,&nbsp; encargada de la Oficina T\u00e9cnica 7, indic\u00f3 que estos talleres permiten fortalecer las capacidades t\u00e9cnicas de los Sistemas Locales de Protecci\u00f3n de Derechos para brindar una atenci\u00f3n oportuna a las personas que son sobrevivientes de alg\u00fan tipo de violencia.<\/p>\n\n\n\n<p class=\"wp-block-paragraph\">La Secretar\u00eda de Derechos Humanos como ente rector del Sistema Nacional de Prevenci\u00f3n y Erradicaci\u00f3n de la Violencia contra las Mujeres genera acciones que permiten la atenci\u00f3n integral, r\u00e1pida y diligente a las sobrevivientes de violencia y continuar\u00e1 trabajando para fortalecer los procesos de prevenci\u00f3n en la provincia.<\/p>\n","protected":false},"excerpt":{"rendered":"<p class=\"excerpt\">Esp\u00edndola, Loja.&#8211; La Secretar\u00eda de Derechos Humanos (SDH) a trav\u00e9s de la Oficina T\u00e9cnica 7, capacit\u00f3 a actores del Sistema Local de Protecci\u00f3n de Derechos y sociedad civil del cant\u00f3n Esp\u00edndola, provincia de Loja; con el objetivo de fortalecer los conocimientos en temas de prevenci\u00f3n y denuncia ante casos de violencia contra las mujeres. La capacitaci\u00f3n estuvo a cargo del&hellip; <a href=\"https:\/\/www.ministeriodegobierno.gob.ec\/derechoshumanos\/2021\/08\/19\/la-secretaria-de-derechos-humanos-capacita-a-los-actores-del-sistema-local-de-proteccion-de-derechos-en-espindola\/\">Read more &rarr;<\/a><\/p>\n","protected":false},"author":6,"featured_media":9964,"comment_status":"closed","ping_status":"closed","sticky":false,"template":"","format":"standard","meta":{"footnotes":""},"categories":[20,5,6],"tags":[],"class_list":["post-9963","post","type-post","status-publish","format-standard","has-post-thumbnail","hentry","category-boletin-de-prensa","category-noticias","category-noticias-destacadas","xfolkentry"],"_links":{"self":[{"href":"https:\/\/www.ministeriodegobierno.gob.ec\/derechoshumanos\/wp-json\/wp\/v2\/posts\/9963","targetHints":{"allow":["GET"]}}],"collection":[{"href":"https:\/\/www.ministeriodegobierno.gob.ec\/derechoshumanos\/wp-json\/wp\/v2\/posts"}],"about":[{"href":"https:\/\/www.ministeriodegobierno.gob.ec\/derechoshumanos\/wp-json\/wp\/v2\/types\/post"}],"author":[{"embeddable":true,"href":"https:\/\/www.ministeriodegobierno.gob.ec\/derechoshumanos\/wp-json\/wp\/v2\/users\/6"}],"replies":[{"embeddable":true,"href":"https:\/\/www.ministeriodegobierno.gob.ec\/derechoshumanos\/wp-json\/wp\/v2\/comments?post=9963"}],"version-history":[{"count":1,"href":"https:\/\/www.ministeriodegobierno.gob.ec\/derechoshumanos\/wp-json\/wp\/v2\/posts\/9963\/revisions"}],"predecessor-version":[{"id":9965,"href":"https:\/\/www.ministeriodegobierno.gob.ec\/derechoshumanos\/wp-json\/wp\/v2\/posts\/9963\/revisions\/9965"}],"wp:featuredmedia":[{"embeddable":true,"href":"https:\/\/www.ministeriodegobierno.gob.ec\/derechoshumanos\/wp-json\/wp\/v2\/media\/9964"}],"wp:attachment":[{"href":"https:\/\/www.ministeriodegobierno.gob.ec\/derechoshumanos\/wp-json\/wp\/v2\/media?parent=9963"}],"wp:term":[{"taxonomy":"category","embeddable":true,"href":"https:\/\/www.ministeriodegobierno.gob.ec\/derechoshumanos\/wp-json\/wp\/v2\/categories?post=9963"},{"taxonomy":"post_tag","embeddable":true,"href":"https:\/\/www.ministeriodegobierno.gob.ec\/derechoshumanos\/wp-json\/wp\/v2\/tags?post=9963"}],"curies":[{"name":"wp","href":"https:\/\/api.w.org\/{rel}","templated":true}]}}