{"id":9966,"date":"2021-08-19T17:46:14","date_gmt":"2021-08-19T22:46:14","guid":{"rendered":"https:\/\/www.derechoshumanos.gob.ec\/?p=9966"},"modified":"2021-08-19T17:46:14","modified_gmt":"2021-08-19T22:46:14","slug":"la-secretaria-de-derechos-humanos-fortalece-conocimientos-sobre-prevencion-de-violencia-contra-las-mujeres-en-el-oro","status":"publish","type":"post","link":"https:\/\/www.ministeriodegobierno.gob.ec\/derechoshumanos\/2021\/08\/19\/la-secretaria-de-derechos-humanos-fortalece-conocimientos-sobre-prevencion-de-violencia-contra-las-mujeres-en-el-oro\/","title":{"rendered":"La Secretar\u00eda de Derechos Humanos fortalece conocimientos sobre prevenci\u00f3n de violencia contra las mujeres en El Oro"},"content":{"rendered":"\n<p class=\"wp-block-paragraph\"><\/p>\n\n\n\n<p class=\"wp-block-paragraph\"><strong>Portovelo, Ecuador. &#8211;<\/strong>&nbsp; La Secretar\u00eda de Derechos Humanos (SDH) a trav\u00e9s de la Oficina T\u00e9cnica 7, capacit\u00f3 sobre las rutas de atenci\u00f3n y denuncia en casos de violencia contra las mujeres a personal del programa Creciendo con Nuestros Hijos y de los Centros de Desarrollo Infantil (CDI) del Ministerio de Inclusi\u00f3n Econ\u00f3mica y Social, en el cant\u00f3n Portovelo, provincia de El Oro.<\/p>\n\n\n\n<p class=\"wp-block-paragraph\">La capacitaci\u00f3n estuvo a cargo del equipo t\u00e9cnico del Servicio de Protecci\u00f3n Integral (SPI), quien dio a conocer los par\u00e1metros de atenci\u00f3n psicol\u00f3gica, primeros auxilios psicol\u00f3gicos a sobrevivientes y ruta de atenci\u00f3n y denuncia en casos de violencia contra mujeres, ni\u00f1as, ni\u00f1os y adolescentes. Al respecto Maribel Carri\u00f3n, Coordinadora del CDI, se\u00f1al\u00f3 que la capacitaci\u00f3n les permite conocer c\u00f3mo actuar ante posibles casos de violencia en los hogares.<\/p>\n\n\n\n<p class=\"wp-block-paragraph\">Adem\u00e1s, se socializ\u00f3 el Estatuto Organizacional por procesos de la Secretar\u00eda de Derechos Humanos, en el cual se enfatiza que la misi\u00f3n de la instituci\u00f3n es ser la instancia rectora de las pol\u00edticas p\u00fablicas de derechos humanos en el pa\u00eds que impulsa la promoci\u00f3n y protecci\u00f3n integral de derechos, la participaci\u00f3n y ejercicio ciudadano en cumplimiento de las obligaciones nacionales e internacionales.<\/p>\n\n\n\n<p class=\"wp-block-paragraph\">Al respecto la funcionaria encargada de la Oficina T\u00e9cnica 7, Rosa Castillo Guam\u00e1n, se\u00f1alo: \u201cNos encontramos comprometidos con el trabajo en territorio para poder llegar con el contingente humano necesario de manera articulada, salvaguardando la vida de las v\u00edctimas\u201d.<\/p>\n\n\n\n<p class=\"wp-block-paragraph\">La Secretar\u00eda de Derechos Humanos instituci\u00f3n rectora del Sistema Nacional Integral para Prevenir y Erradicar la Violencia contra las Mujeres mantiene la articulaci\u00f3n interinstitucional ya que constituye un gran aporte para la atenci\u00f3n, acompa\u00f1amiento y reparaci\u00f3n de sobrevivientes de violencia en la provincia.<\/p>\n","protected":false},"excerpt":{"rendered":"<p class=\"excerpt\">Portovelo, Ecuador. &#8211;&nbsp; La Secretar\u00eda de Derechos Humanos (SDH) a trav\u00e9s de la Oficina T\u00e9cnica 7, capacit\u00f3 sobre las rutas de atenci\u00f3n y denuncia en casos de violencia contra las mujeres a personal del programa Creciendo con Nuestros Hijos y de los Centros de Desarrollo Infantil (CDI) del Ministerio de Inclusi\u00f3n Econ\u00f3mica y Social, en el cant\u00f3n Portovelo, provincia de&hellip; <a href=\"https:\/\/www.ministeriodegobierno.gob.ec\/derechoshumanos\/2021\/08\/19\/la-secretaria-de-derechos-humanos-fortalece-conocimientos-sobre-prevencion-de-violencia-contra-las-mujeres-en-el-oro\/\">Read more &rarr;<\/a><\/p>\n","protected":false},"author":6,"featured_media":9968,"comment_status":"closed","ping_status":"closed","sticky":false,"template":"","format":"standard","meta":{"footnotes":""},"categories":[20,5,6],"tags":[],"class_list":["post-9966","post","type-post","status-publish","format-standard","has-post-thumbnail","hentry","category-boletin-de-prensa","category-noticias","category-noticias-destacadas","xfolkentry"],"_links":{"self":[{"href":"https:\/\/www.ministeriodegobierno.gob.ec\/derechoshumanos\/wp-json\/wp\/v2\/posts\/9966","targetHints":{"allow":["GET"]}}],"collection":[{"href":"https:\/\/www.ministeriodegobierno.gob.ec\/derechoshumanos\/wp-json\/wp\/v2\/posts"}],"about":[{"href":"https:\/\/www.ministeriodegobierno.gob.ec\/derechoshumanos\/wp-json\/wp\/v2\/types\/post"}],"author":[{"embeddable":true,"href":"https:\/\/www.ministeriodegobierno.gob.ec\/derechoshumanos\/wp-json\/wp\/v2\/users\/6"}],"replies":[{"embeddable":true,"href":"https:\/\/www.ministeriodegobierno.gob.ec\/derechoshumanos\/wp-json\/wp\/v2\/comments?post=9966"}],"version-history":[{"count":1,"href":"https:\/\/www.ministeriodegobierno.gob.ec\/derechoshumanos\/wp-json\/wp\/v2\/posts\/9966\/revisions"}],"predecessor-version":[{"id":9969,"href":"https:\/\/www.ministeriodegobierno.gob.ec\/derechoshumanos\/wp-json\/wp\/v2\/posts\/9966\/revisions\/9969"}],"wp:featuredmedia":[{"embeddable":true,"href":"https:\/\/www.ministeriodegobierno.gob.ec\/derechoshumanos\/wp-json\/wp\/v2\/media\/9968"}],"wp:attachment":[{"href":"https:\/\/www.ministeriodegobierno.gob.ec\/derechoshumanos\/wp-json\/wp\/v2\/media?parent=9966"}],"wp:term":[{"taxonomy":"category","embeddable":true,"href":"https:\/\/www.ministeriodegobierno.gob.ec\/derechoshumanos\/wp-json\/wp\/v2\/categories?post=9966"},{"taxonomy":"post_tag","embeddable":true,"href":"https:\/\/www.ministeriodegobierno.gob.ec\/derechoshumanos\/wp-json\/wp\/v2\/tags?post=9966"}],"curies":[{"name":"wp","href":"https:\/\/api.w.org\/{rel}","templated":true}]}}