{"id":9970,"date":"2021-08-19T17:59:24","date_gmt":"2021-08-19T22:59:24","guid":{"rendered":"https:\/\/www.derechoshumanos.gob.ec\/?p=9970"},"modified":"2021-08-19T17:59:24","modified_gmt":"2021-08-19T22:59:24","slug":"la-secretaria-de-derechos-humanos-articulo-el-traslado-de-sobreviviente-de-violencia-de-genero-desde-peru-a-ecuador","status":"publish","type":"post","link":"https:\/\/www.ministeriodegobierno.gob.ec\/derechoshumanos\/2021\/08\/19\/la-secretaria-de-derechos-humanos-articulo-el-traslado-de-sobreviviente-de-violencia-de-genero-desde-peru-a-ecuador\/","title":{"rendered":"La Secretar\u00eda de Derechos Humanos articul\u00f3 el traslado de sobreviviente de violencia de g\u00e9nero desde Per\u00fa a Ecuador"},"content":{"rendered":"\n<p class=\"wp-block-paragraph\"><\/p>\n\n\n\n<p class=\"wp-block-paragraph\"><strong>Santo Domingo.<\/strong>&#8211; La Secretar\u00eda de Derechos Humanos (SDH) a trav\u00e9s de las oficinas tecnicas 4 y 7 activ\u00f3 el proceso de articulaci\u00f3n de instituciones que forman parte del Sistema Nacional Integral para Prevenir y Erradicar la Violencia contra las Mujeres con el objetivo de canalizar el acogimiento institucional y traslado de una adolescente desde Tumbes, Per\u00fa hasta Santo Domingo de los Ts\u00e1chilas en Ecuador.<\/p>\n\n\n\n<p class=\"wp-block-paragraph\">En ese contexto, se articul\u00f3 el trabajo con el Ministerio de Relaciones Exteriores y Movilidad Humana, la Junta Cantonal de Protecci\u00f3n de Derechos de Santo Domingo y la Direcci\u00f3n Nacional de Polic\u00eda Especializada para Ni\u00f1os, Ni\u00f1as y Adolescentes; a fin de garantizar la plena vigencia de derechos humanos de la adolescente, la no revictimizaci\u00f3n, as\u00ed como, el acompa\u00f1amiento psicosocial durante todo el traslado en territorio ecuatoriano.<\/p>\n\n\n\n<p class=\"wp-block-paragraph\">La sobreviviente de violencia lleg\u00f3 pasada las 02h00&nbsp; al centro de acogimiento y fue atendida por profesionales del mismo, quienes trabajaran en la reinserci\u00f3n social y familiar de la menor en coordinaci\u00f3n con la Junta Cantonal de Protecci\u00f3n de Derechos y esta cartera de Estado.<\/p>\n\n\n\n<p class=\"wp-block-paragraph\">La Secretar\u00eda de Derechos Humanos como ente rector del Sistema Nacional de Prevenci\u00f3n y Erradicaci\u00f3n de la Violencia contra las Mujeres genera acciones que permiten la atenci\u00f3n integral, r\u00e1pida y diligente a las sobrevivientes de violencia.<\/p>\n","protected":false},"excerpt":{"rendered":"<p class=\"excerpt\">Santo Domingo.&#8211; La Secretar\u00eda de Derechos Humanos (SDH) a trav\u00e9s de las oficinas tecnicas 4 y 7 activ\u00f3 el proceso de articulaci\u00f3n de instituciones que forman parte del Sistema Nacional Integral para Prevenir y Erradicar la Violencia contra las Mujeres con el objetivo de canalizar el acogimiento institucional y traslado de una adolescente desde Tumbes, Per\u00fa hasta Santo Domingo de&hellip; <a href=\"https:\/\/www.ministeriodegobierno.gob.ec\/derechoshumanos\/2021\/08\/19\/la-secretaria-de-derechos-humanos-articulo-el-traslado-de-sobreviviente-de-violencia-de-genero-desde-peru-a-ecuador\/\">Read more &rarr;<\/a><\/p>\n","protected":false},"author":6,"featured_media":9958,"comment_status":"closed","ping_status":"closed","sticky":false,"template":"","format":"standard","meta":{"footnotes":""},"categories":[20,5,6],"tags":[],"class_list":["post-9970","post","type-post","status-publish","format-standard","has-post-thumbnail","hentry","category-boletin-de-prensa","category-noticias","category-noticias-destacadas","xfolkentry"],"_links":{"self":[{"href":"https:\/\/www.ministeriodegobierno.gob.ec\/derechoshumanos\/wp-json\/wp\/v2\/posts\/9970","targetHints":{"allow":["GET"]}}],"collection":[{"href":"https:\/\/www.ministeriodegobierno.gob.ec\/derechoshumanos\/wp-json\/wp\/v2\/posts"}],"about":[{"href":"https:\/\/www.ministeriodegobierno.gob.ec\/derechoshumanos\/wp-json\/wp\/v2\/types\/post"}],"author":[{"embeddable":true,"href":"https:\/\/www.ministeriodegobierno.gob.ec\/derechoshumanos\/wp-json\/wp\/v2\/users\/6"}],"replies":[{"embeddable":true,"href":"https:\/\/www.ministeriodegobierno.gob.ec\/derechoshumanos\/wp-json\/wp\/v2\/comments?post=9970"}],"version-history":[{"count":1,"href":"https:\/\/www.ministeriodegobierno.gob.ec\/derechoshumanos\/wp-json\/wp\/v2\/posts\/9970\/revisions"}],"predecessor-version":[{"id":9971,"href":"https:\/\/www.ministeriodegobierno.gob.ec\/derechoshumanos\/wp-json\/wp\/v2\/posts\/9970\/revisions\/9971"}],"wp:featuredmedia":[{"embeddable":true,"href":"https:\/\/www.ministeriodegobierno.gob.ec\/derechoshumanos\/wp-json\/wp\/v2\/media\/9958"}],"wp:attachment":[{"href":"https:\/\/www.ministeriodegobierno.gob.ec\/derechoshumanos\/wp-json\/wp\/v2\/media?parent=9970"}],"wp:term":[{"taxonomy":"category","embeddable":true,"href":"https:\/\/www.ministeriodegobierno.gob.ec\/derechoshumanos\/wp-json\/wp\/v2\/categories?post=9970"},{"taxonomy":"post_tag","embeddable":true,"href":"https:\/\/www.ministeriodegobierno.gob.ec\/derechoshumanos\/wp-json\/wp\/v2\/tags?post=9970"}],"curies":[{"name":"wp","href":"https:\/\/api.w.org\/{rel}","templated":true}]}}