{"id":9972,"date":"2021-08-19T18:52:43","date_gmt":"2021-08-19T23:52:43","guid":{"rendered":"https:\/\/www.derechoshumanos.gob.ec\/?p=9972"},"modified":"2021-08-19T18:52:43","modified_gmt":"2021-08-19T23:52:43","slug":"la-secretaria-de-derechos-humanos-imparte-talleres-sobre-las-rutas-de-atencion-en-casos-de-violencia-de-genero-en-riobamba","status":"publish","type":"post","link":"https:\/\/www.ministeriodegobierno.gob.ec\/derechoshumanos\/2021\/08\/19\/la-secretaria-de-derechos-humanos-imparte-talleres-sobre-las-rutas-de-atencion-en-casos-de-violencia-de-genero-en-riobamba\/","title":{"rendered":"La Secretar\u00eda de Derechos Humanos imparte talleres sobre las rutas de atenci\u00f3n en casos de violencia de g\u00e9nero en Riobamba"},"content":{"rendered":"\n<p class=\"wp-block-paragraph\"><\/p>\n\n\n\n<p class=\"wp-block-paragraph\"><strong>Riobamba, Chimborazo<\/strong>.- La Secretar\u00eda de Derechos Humanos (SDH) a trav\u00e9s del Servicio de Protecci\u00f3n Integral Chimborazo desarroll\u00f3 el taller \u201cRutas de atenci\u00f3n en situaciones de violencia de g\u00e9nero e intervenci\u00f3n de crisis\u201d, dirigido al personal del Ministerio de Inclusi\u00f3n Econ\u00f3mica y Social, Distrito Riobamba con el objetivo de fortalecer los procesos de prevenci\u00f3n y erradicaci\u00f3n de la violencia de g\u00e9nero en la provincia.<\/p>\n\n\n\n<p class=\"wp-block-paragraph\">La capacitaci\u00f3n se efectu\u00f3 en modalidad virtual con la presencia de 86 participantes y cont\u00f3 con la disertaci\u00f3n del equipo de trabajadoras sociales y psic\u00f3logas de la Oficina T\u00e9cnica 3 de la SDH.&nbsp; Durante el taller se abord\u00f3 la metodologia basada en la experiencia en donde los participantes respondieron la pregunta b\u00e1sica \u00bfQu\u00e9 hacer frente a la violencia?; tomando en cuenta las afirmaciones \u201cSoy Yo la Mujer en situaci\u00f3n de violencia\u201d o \u201cSi Yo conozco un caso de una mujer en situaci\u00f3n de violencia\u201d.<\/p>\n\n\n\n<p class=\"wp-block-paragraph\">Para la Abg. Daniela S\u00e1nchez; coordinadora de la Oficina T\u00e9cnica de la SDH Zona 3 el camino en la defensa de los derechos de la mujeres es largo y acot\u00f3 que, \u201d<em>Los procesos de formaci\u00f3n y capacitaci\u00f3n nos permiten el fortalecimiento de la prevenci\u00f3n y sensibilizaci\u00f3n, motivando a las personas a ser ciudadanos activos por un mundo m\u00e1s justo y pac\u00edfico<\/em>.\u201d<\/p>\n\n\n\n<p class=\"wp-block-paragraph\">La Secretar\u00eda de Derechos Humanos como ente rector del Sistema Nacional de Prevenci\u00f3n y Erradicaci\u00f3n de la violencia contra las Mujeres continuar\u00e1 trabajando para fortalecer los procesos de prevenci\u00f3n en la provincia.<\/p>\n","protected":false},"excerpt":{"rendered":"<p class=\"excerpt\">Riobamba, Chimborazo.- La Secretar\u00eda de Derechos Humanos (SDH) a trav\u00e9s del Servicio de Protecci\u00f3n Integral Chimborazo desarroll\u00f3 el taller \u201cRutas de atenci\u00f3n en situaciones de violencia de g\u00e9nero e intervenci\u00f3n de crisis\u201d, dirigido al personal del Ministerio de Inclusi\u00f3n Econ\u00f3mica y Social, Distrito Riobamba con el objetivo de fortalecer los procesos de prevenci\u00f3n y erradicaci\u00f3n de la violencia de g\u00e9nero&hellip; <a href=\"https:\/\/www.ministeriodegobierno.gob.ec\/derechoshumanos\/2021\/08\/19\/la-secretaria-de-derechos-humanos-imparte-talleres-sobre-las-rutas-de-atencion-en-casos-de-violencia-de-genero-en-riobamba\/\">Read more &rarr;<\/a><\/p>\n","protected":false},"author":6,"featured_media":9973,"comment_status":"closed","ping_status":"closed","sticky":false,"template":"","format":"standard","meta":{"footnotes":""},"categories":[20,5],"tags":[],"class_list":["post-9972","post","type-post","status-publish","format-standard","has-post-thumbnail","hentry","category-boletin-de-prensa","category-noticias","xfolkentry"],"_links":{"self":[{"href":"https:\/\/www.ministeriodegobierno.gob.ec\/derechoshumanos\/wp-json\/wp\/v2\/posts\/9972","targetHints":{"allow":["GET"]}}],"collection":[{"href":"https:\/\/www.ministeriodegobierno.gob.ec\/derechoshumanos\/wp-json\/wp\/v2\/posts"}],"about":[{"href":"https:\/\/www.ministeriodegobierno.gob.ec\/derechoshumanos\/wp-json\/wp\/v2\/types\/post"}],"author":[{"embeddable":true,"href":"https:\/\/www.ministeriodegobierno.gob.ec\/derechoshumanos\/wp-json\/wp\/v2\/users\/6"}],"replies":[{"embeddable":true,"href":"https:\/\/www.ministeriodegobierno.gob.ec\/derechoshumanos\/wp-json\/wp\/v2\/comments?post=9972"}],"version-history":[{"count":1,"href":"https:\/\/www.ministeriodegobierno.gob.ec\/derechoshumanos\/wp-json\/wp\/v2\/posts\/9972\/revisions"}],"predecessor-version":[{"id":9974,"href":"https:\/\/www.ministeriodegobierno.gob.ec\/derechoshumanos\/wp-json\/wp\/v2\/posts\/9972\/revisions\/9974"}],"wp:featuredmedia":[{"embeddable":true,"href":"https:\/\/www.ministeriodegobierno.gob.ec\/derechoshumanos\/wp-json\/wp\/v2\/media\/9973"}],"wp:attachment":[{"href":"https:\/\/www.ministeriodegobierno.gob.ec\/derechoshumanos\/wp-json\/wp\/v2\/media?parent=9972"}],"wp:term":[{"taxonomy":"category","embeddable":true,"href":"https:\/\/www.ministeriodegobierno.gob.ec\/derechoshumanos\/wp-json\/wp\/v2\/categories?post=9972"},{"taxonomy":"post_tag","embeddable":true,"href":"https:\/\/www.ministeriodegobierno.gob.ec\/derechoshumanos\/wp-json\/wp\/v2\/tags?post=9972"}],"curies":[{"name":"wp","href":"https:\/\/api.w.org\/{rel}","templated":true}]}}